{"id":1416,"date":"2025-01-20T16:09:59","date_gmt":"2025-01-20T15:09:59","guid":{"rendered":"https:\/\/mvic.fr\/?p=1416"},"modified":"2025-01-20T16:20:56","modified_gmt":"2025-01-20T15:20:56","slug":"1636-un-choix-pas-tres-catholique","status":"publish","type":"post","link":"https:\/\/mvic.fr\/?p=1416","title":{"rendered":"1636 Un choix pas tr\u00e8s catholique"},"content":{"rendered":"\n<p>17 ao\u00fbt 1636<br><strong class=\"titre1\">Nomination d&rsquo;un habitant d&rsquo;Aujargues pour le service du roi<\/strong><br><br><\/p>\n\n\n\n<p>On entend souvent que les guerres de religion qui ont d\u00e9chir\u00e9 le royaume fran\u00e7ais \u00e0 partir de 1560 se sont termin\u00e9es avec l\u2019Edit de Nantes sign\u00e9 par Henri IV en 1598. Or les conflits sont loin d\u2019avoir cess\u00e9 sous le r\u00e8gne des monarques suivants Louis XIII puis Louis XIV, le roi soleil qui finira par r\u00e9voquer l\u2019\u00e9dit et interdira la religion protestante au profit exclusif de la religion catholique, en r\u00e9primant violemment ses opposants. Catholiques et protestantes ont partag\u00e9 des temps de r\u00e9pit au XVIIe si\u00e8cle o\u00f9 ils ont pu vivre dans une paix relative mais la tension entre les deux communaut\u00e9s a maintes fois mis \u00e0 mal cette fragile concorde. Injures, mises \u00e0 l\u2019\u00e9cart, provocations, agressions physiques, de nombreuses situations ont entretenu une haine entre gens du m\u00eame peuple que seule la religion s\u00e9parait. Les minorit\u00e9s, qu\u2019elles soient de l\u2019une ou l\u2019autre confession, avaient \u00e0 subir les outrages du plus grand nombre.<br><br><\/p>\n\n\n\n<p>La communaut\u00e9 d\u2019Aujargues en garde un exemple symbolique dans ses archives. En 1636, le conseil g\u00e9n\u00e9ral consulaire, anc\u00eatre de notre conseil municipal, se r\u00e9unit dans le four commun pour d\u00e9lib\u00e9rer sur une demande \u00e9manant du gouverneur de la province de Languedoc. Les guerres incessantes sur plusieurs fronts europ\u00e9ens n\u00e9cessitaient des moyens financiers mais aussi humains. En plus du pr\u00e9l\u00e8vement d\u2019imp\u00f4ts, les communaut\u00e9s devaient fournir des hommes avec armes pour gonfler les rangs des r\u00e9giments du roi. C\u2019est le cas en ce mois d\u2019ao\u00fbt 1636 o\u00f9 l\u2019on organise un vote pour envoyer de force un jeune habitant du village combattre pour le royaume. La majorit\u00e9 des voix se portent sur Pierre TREMOLET, l\u2019un des conseillers, qui s\u2019insurge contre cette nomination \u00ab&nbsp;malicieuse&nbsp;\u00bb. Cette d\u00e9cision n\u2019aurait \u00e9t\u00e9 prise que parce qu\u2019il est catholique. C\u2019est aussi le cas de Pons TESSES, avocat et <span class='tooltipsall tooltipsincontent classtoolTips11'>syndic<\/span> (repr\u00e9sentant) des habitants catholiques, lui aussi conseiller, qui plaide la cause de Pierre TREMOLET, indiquant que plus de dix autres jeunes gens \u00ab&nbsp;de la RPR&nbsp;\u00bb (protestants) auraient fait l\u2019affaire notamment Jean FARINIERE qu\u2019ils ont tous deux propos\u00e9. D\u2019apr\u00e8s la d\u00e9lib\u00e9ration, on peut comprendre que tous les conseillers protestants ont seulement propos\u00e9 Pierre TREMOLET ou Pons TESSES \u00ab&nbsp;en haine de ce qu\u2019ils se sont converti en la foi catholique n\u2019y ayant que eux deux qui soient catholiques&nbsp;\u00bb et que c\u2019est pour cela que ce dernier est intervenu.<br><br><\/p>\n\n\n\n<p>Malheureusement, la d\u00e9lib\u00e9ration a \u00e9t\u00e9 avort\u00e9e ou la suite est manquante. On ne sait donc pas comment l\u2019affaire s\u2019est termin\u00e9 mais Pierre TREMOLET et Pons TESSES sont pr\u00e9sents aux conseils g\u00e9n\u00e9raux en novembre de la m\u00eame ann\u00e9e et les ann\u00e9es suivantes. Il est probable que la d\u00e9cision ait \u00e9t\u00e9 annul\u00e9e et qu\u2019un autre jeune homme ait \u00e9t\u00e9 nomm\u00e9 \u00e0 la place de Pierre TREMOLET. Lui et Pons TESSES furent tour \u00e0 tour consuls d\u2019Aujargues en 1637, 1638 et 1639 pour respecter les r\u00e8gles qui imposaient la parit\u00e9 entre catholiques et protestants dans la gouvernance des communaut\u00e9s. La cohabitation tant\u00f4t \u00e0 l\u2019avantage des uns tant\u00f4t \u00e0 celle des autres aura toujours \u00e9t\u00e9 gangr\u00e9n\u00e9e par des divergences id\u00e9ologiques qui ont instaur\u00e9 un climat conflictuel m\u00eame au sein des plus petits villages pendant des d\u00e9cennies persistant jusqu\u2019au XXe si\u00e8cle o\u00f9 les mariages \u00ab&nbsp;mixtes&nbsp;\u00bb \u00e9taient encore mal accept\u00e9s.<br><br><br><\/p>\n\n\n\n<h4 class=\"wp-block-heading\">Transcription<br><br><\/h4>\n\n\n\n<figure class=\"wp-block-image size-full\"><img loading=\"lazy\" decoding=\"async\" width=\"853\" height=\"786\" src=\"https:\/\/mvic.fr\/wp-content\/uploads\/2025\/01\/Ajargues1636_1.jpg\" alt=\"\" class=\"wp-image-1417\" srcset=\"https:\/\/mvic.fr\/wp-content\/uploads\/2025\/01\/Ajargues1636_1.jpg 853w, https:\/\/mvic.fr\/wp-content\/uploads\/2025\/01\/Ajargues1636_1-300x276.jpg 300w, https:\/\/mvic.fr\/wp-content\/uploads\/2025\/01\/Ajargues1636_1-768x708.jpg 768w, https:\/\/mvic.fr\/wp-content\/uploads\/2025\/01\/Ajargues1636_1-150x138.jpg 150w\" sizes=\"(max-width: 853px) 100vw, 853px\" \/><\/figure>\n\n\n\n<p class=\"has-text-align-right has-text-align-right has-text-align-right margin-top-6\"><a href=\"https:\/\/brozer.fr\/telearchives\/#pk:\/39639\/ZWRlcG9-Ni-zXzE1OC5qcGc0\" target=\"_blank\" rel=\"noreferrer noopener\">Consulter sur T\u00e9l\u00e9archives &nbsp;<img loading=\"lazy\" decoding=\"async\" width=\"100\" height=\"21\" class=\"wp-image-95\" style=\"width: 100px;margin-bottom:5px;\" src=\"https:\/\/mvic.fr\/wp-content\/uploads\/2020\/09\/brozer_logo_100.png\" alt=\"\"><\/a><\/p>\n\n\n\n<p>Dellib\u00e9ration<\/p>\n\n\n\n<p>L&rsquo;an mil six cens trante six et du dimanche dix septiesme jour d&rsquo;aoust au lieu d&rsquo;Aujargues et dans le four comung dudit lieu assembl\u00e9s Me Pons TESSES Pierre CADEL Estienne AVIGNON Fran\u00e7ois TESSES Claude ROUGNON Jehan AUBOIN Me Jaques BOUSQUET Pierre TREMOLET Pierre MARAZEL Jehan TESSES Pierre FARNYERES Samuel VIGIER Pierre BENEZET Pol CHABAUD Anthoine REBOUL Pierre GILLY Isac DUCROS Pierre FARNYERES june Jaques REILHAN J\u00e9r\u00e9mye DURAN tous habitans dudit lieu ausquelz a est\u00e9 propoz\u00e9 par la bouche de David GREGOIRE consul qu&rsquo;ilz sont oblig\u00e9s par mandement du seigneur gouverneur de la province de faire ung soldat arm\u00e9 pour le service du Roi aux caziernes qui se pr\u00e9santent et \u00e0 cest effect faire<\/p>\n\n\n\n<p>nomination d&rsquo;un habitant du lieu pour le pr\u00e9santer devant M. DE LA ROCHE, DE SAURIN ou autres port\u00e9s par ledit mandement et de satisfaire aux frais n\u00e9cessaires port\u00e9s par ledit mandement par de ce prandre les voix sur ladite nomination. Lesquelz habitans ayans prins dellib\u00e9ration sur ledit subject ayant reculli les voix la pluralit\u00e9 d&rsquo;icelle a est\u00e9 sur Pierre TREMOLET dudit lieu lequel ilz nomment pour servir le Roi ausdites occasions et faire mesme nomination devant lesdits sieurs<\/p>\n\n\n\n<p>Ledit TREMOLET et Me TESSES dizent que la nomination faict de sa personne est malisieuze et fait en heyne de ce qu&rsquo;ilz ce sont convertis en la foy catholique n&rsquo;y ayant que eux deux qui soyent catholique et plus de dix junes hommes de la RPR suffisant et cappable de servir et entre autres de Jehan FARNYERES qu&rsquo;ilz ont nomm\u00e9 # chef de familhe<\/p>\n\n\n\n<p>Guilhaumes VIGIER a dict que la nomination dudit<br>TESSES et TREMOLET est malicieuze par ce<br>qu&rsquo;il luy [\u2026]<br><br><br><\/p>\n\n\n\n<p><\/p>\n<script type=\"text\/javascript\"> toolTips('.classtoolTips11','<span class='tooltipsall tooltipsincontent classtoolTips11'>syndic<\/span> (<em>souvent \u00e9crit <span class='tooltipsall tooltipsincontent classtoolTips11'>scindic<\/span><\/em>) = personne repr\u00e9sentante d\\'une administration religieuse ou la\u00efque<br\/>Parfois \u00e9quivalent \u00e0 <em>consul<\/em>, repr\u00e9sentant \u00e9lu d\\'une communaut\u00e9 d\\'habitants'); <\/script><script type=\"text\/javascript\"> toolTips('.classtoolTips13','ains = mais, mais plut\u00f4t'); <\/script><script type=\"text\/javascript\"> toolTips('.classtoolTips13','ains = mais, mais plut\u00f4t'); <\/script>","protected":false},"excerpt":{"rendered":"<p>17 ao\u00fbt 1636Nomination d&rsquo;un habitant d&rsquo;Aujargues pour le service du roi On entend souvent que les guerres de religion qui ont d\u00e9chir\u00e9 le royaume fran\u00e7ais \u00e0 partir de 1560 se sont termin\u00e9es avec l\u2019Edit de Nantes sign\u00e9 par Henri IV en 1598. Or les conflits sont loin d\u2019avoir cess\u00e9 sous le r\u00e8gne des monarques suivants ..<\/p>\n<div class=\"clear-fix\"><\/div>\n<p><a href=\"https:\/\/mvic.fr\/?p=1416\" title=\"Lire la suite...\">Lire la suite<\/a><\/p>\n","protected":false},"author":1,"featured_media":0,"comment_status":"open","ping_status":"open","sticky":false,"template":"","format":"standard","meta":{"footnotes":""},"categories":[49,23,50],"tags":[],"post_folder":[48],"class_list":["post-1416","post","type-post","status-publish","format-standard","hentry","category-30-aujargues","category-administration-communale","category-guerres-de-religion"],"_links":{"self":[{"href":"https:\/\/mvic.fr\/index.php?rest_route=\/wp\/v2\/posts\/1416"}],"collection":[{"href":"https:\/\/mvic.fr\/index.php?rest_route=\/wp\/v2\/posts"}],"about":[{"href":"https:\/\/mvic.fr\/index.php?rest_route=\/wp\/v2\/types\/post"}],"author":[{"embeddable":true,"href":"https:\/\/mvic.fr\/index.php?rest_route=\/wp\/v2\/users\/1"}],"replies":[{"embeddable":true,"href":"https:\/\/mvic.fr\/index.php?rest_route=%2Fwp%2Fv2%2Fcomments&post=1416"}],"version-history":[{"count":13,"href":"https:\/\/mvic.fr\/index.php?rest_route=\/wp\/v2\/posts\/1416\/revisions"}],"predecessor-version":[{"id":1435,"href":"https:\/\/mvic.fr\/index.php?rest_route=\/wp\/v2\/posts\/1416\/revisions\/1435"}],"wp:attachment":[{"href":"https:\/\/mvic.fr\/index.php?rest_route=%2Fwp%2Fv2%2Fmedia&parent=1416"}],"wp:term":[{"taxonomy":"category","embeddable":true,"href":"https:\/\/mvic.fr\/index.php?rest_route=%2Fwp%2Fv2%2Fcategories&post=1416"},{"taxonomy":"post_tag","embeddable":true,"href":"https:\/\/mvic.fr\/index.php?rest_route=%2Fwp%2Fv2%2Ftags&post=1416"},{"taxonomy":"post_folder","embeddable":true,"href":"https:\/\/mvic.fr\/index.php?rest_route=%2Fwp%2Fv2%2Fpost_folder&post=1416"}],"curies":[{"name":"wp","href":"https:\/\/api.w.org\/{rel}","templated":true}]}}