{"id":325,"date":"2020-10-19T18:38:06","date_gmt":"2020-10-19T16:38:06","guid":{"rendered":"https:\/\/mvic.fr\/?p=325"},"modified":"2024-08-02T15:53:57","modified_gmt":"2024-08-02T13:53:57","slug":"1535-1539-entre-malheur-et-conflits-chez-les-lepreux-a-sommieres","status":"publish","type":"post","link":"https:\/\/mvic.fr\/?p=325","title":{"rendered":"1535-1539 Entre malheur et conflits chez les l\u00e9preux \u00e0 Sommi\u00e8res"},"content":{"rendered":"\n<div style=\"height:20px\" aria-hidden=\"true\" class=\"wp-block-spacer\"><\/div>\n\n\n\n<p>1535-1539<br><span class=\"titre1\">Une s\u00e9rie de documents sur la l\u00e9proserie de Sommi\u00e8res<\/span><br><br><\/p>\n\n\n\n<figure class=\"wp-block-image size-large\"><img loading=\"lazy\" decoding=\"async\" width=\"1000\" height=\"497\" src=\"https:\/\/mvic.fr\/wp-content\/uploads\/2021\/05\/Leprosorium.jpg\" alt=\"\" class=\"wp-image-1156\" srcset=\"https:\/\/mvic.fr\/wp-content\/uploads\/2021\/05\/Leprosorium.jpg 1000w, https:\/\/mvic.fr\/wp-content\/uploads\/2021\/05\/Leprosorium-300x149.jpg 300w, https:\/\/mvic.fr\/wp-content\/uploads\/2021\/05\/Leprosorium-768x382.jpg 768w, https:\/\/mvic.fr\/wp-content\/uploads\/2021\/05\/Leprosorium-150x75.jpg 150w\" sizes=\"(max-width: 1000px) 100vw, 1000px\" \/><figcaption class=\"wp-element-caption\">Deux l\u00e9preux demandant l&rsquo;aum\u00f4ne, d&rsquo;apr\u00e8s un manuscrit de Vincent de Beauvais (XIII<span class=\"exposant\">e<\/span> si\u00e8cle)<\/figcaption><\/figure>\n\n\n\n<div style=\"height:20px\" aria-hidden=\"true\" class=\"wp-block-spacer\"><\/div>\n\n\n\n<h4 class=\"wp-block-heading\">Du rififi chez les l\u00e9preux<\/h4>\n\n\n\n<p id=\"rdoc1\">Loin de l&rsquo;image que l&rsquo;on peut se faire des l\u00e9preux que l&rsquo;infirmit\u00e9&nbsp;et la souffrance rendent impotents, le b\u00e2timent qui les accueillent \u00e0 Sommi\u00e8res parait au contraire tr\u00e8s agit\u00e9. Les malades qui fr\u00e9quentent cette \u00ab\u00a0maison des pauvres ladres\u00a0\u00bb, \u00ab\u00a0maladi\u00e8res\u00a0\u00bb ou l\u00e9proserie, hors de la cit\u00e9, semblent suffisamment valides pour se chercher querelle et d\u00e9fendre vigoureusement leurs droits. Le procureur de ces pauvres gens dont la vie en communaut\u00e9 n&rsquo;est pas de tout repos exag\u00e8re-t-il quand il d\u00e9clare qu&rsquo;ils sont \u00ab\u00a0<strong>en danger de se battre ou de se tuer les uns les autres<\/strong>\u00a0\u00bb !? Il est n\u00e9cessaire d&rsquo;y mettre un peu d&rsquo;ordre [<strong><a href=\"#ladres_doc1\">Doc.1<\/a><\/strong>].<\/p>\n\n\n\n<div style=\"height:20px\" aria-hidden=\"true\" class=\"wp-block-spacer\"><\/div>\n\n\n\n<h4 class=\"wp-block-heading\">Un enfant d\u00e9ficient mental parmi les l\u00e9preux<\/h4>\n\n\n\n<p id=\"rdoc2\">Une femme dont le mari est d\u00e9c\u00e9d\u00e9 dans la l\u00e9proserie souhaite que l&rsquo;on accueille son jeune gar\u00e7on qui n&rsquo;a pas contract\u00e9 la maladie mais qui est atteint de d\u00e9mence [<strong><a href=\"#ladres_doc1\">Doc.1<\/a><\/strong>]. Jean, fils de feu Laurent GUIRAUD et de Fran\u00e7oise RAT, est re\u00e7u 18 jours plus tard avec un contrat en bonne et due forme, sa m\u00e8re devant s&rsquo;acquitter du \u00ab\u00a0prix accoutum\u00e9\u00a0\u00bb. Cela vaudra une mention particuli\u00e8re qui stipule que sont accueillis \u00ab\u00a0les pauvres ou les pauvres l\u00e9preux ou les l\u00e9preux\u00a0\u00bb [<strong><a href=\"#ladres_doc2\">Doc. 2<\/a><\/strong>].<\/p>\n\n\n\n<p>Il est syst\u00e9matiquement convenu dans les \u00ab\u00a0contrats de r\u00e9ception\u00a0\u00bb que tous les biens accumul\u00e9s par les pensionnaires pendant leur s\u00e9jour reviendront \u00e0 la l\u00e9proserie \u00e0 leur mort. Il est ensuite permis aux l\u00e9preux de faire un testament uniquement pour le salut de leur \u00e2me, probablement avec seulement des legs en faveur de l&rsquo;Eglise (\u00ab\u00a0sauf qu&rsquo;il porra tester pour son arme tant seulement\u00a0\u00bb, acte du 2 nov. 1538).<\/p>\n\n\n\n<div style=\"height:20px\" aria-hidden=\"true\" class=\"wp-block-spacer\"><\/div>\n\n\n\n<h4 class=\"wp-block-heading\" id=\"rdoc345\">Le cas Vicari<\/h4>\n\n\n\n<p>Le 11 d\u00e9cembre 1535, Jean AUDIBERT dit Vicari, de Sommi\u00e8res, veut \u00eatre log\u00e9 \u00e0 la l\u00e9proserie. Les consuls acceptent sous condition qu&rsquo;il soit bien l\u00e9preux (\u00ab\u00a0si est dict qu&rsquo;il soyt ladre\u00a0\u00bb) [<strong><a href=\"#ladres_doc3\">Doc.3<\/a><\/strong>]. Le 22 d\u00e9cembre suivant, convaincu apr\u00e8s v\u00e9rification d&rsquo;\u00eatre atteint de la l\u00e8pre, maladie \u00ab\u00a0contentieuse\u00a0\u00bb (sic), ledit Vicari qui d\u00e9sire quitter le monde des \u00ab\u00a0sains\u00a0\u00bb, laisser sa maison et se retirer dans la maison des ladres donne \u00ab\u00a0pour l&rsquo;amour de Dieu\u00a0\u00bb des terres afin d&rsquo;\u00eatre mieux re\u00e7u et entretenu [<strong><a href=\"#ladres_doc4\">Doc.4<\/a><\/strong>]. On lui fait faire une chambre [<strong><a href=\"#ladres_doc5\">Doc.5<\/a><\/strong>].<\/p>\n\n\n\n<p id=\"rdoc7\">Le 6 juin 1536, un nomm\u00e9 COQUELIBART et sa femme, l\u00e9preux, demandent au conseil des habitants \u00e0 s&rsquo;installer \u00e0 la l\u00e9proserie en payant 30 livres, ce qui est accept\u00e9. On rappelle \u00e0 ce moment que Vicari et sa femme y demeurent mais n&rsquo;ont pas donn\u00e9 d&rsquo;argent. Ils seront exclus s&rsquo;ils ne payent pas la m\u00eame somme de 30 livres. [<strong><a href=\"#ladres_doc7\">Doc.7<\/a><\/strong>]<\/p>\n\n\n\n<p>Les consuls de la ville \u00e9mettent de nouveaux doutes quant \u00e0 leur \u00e9tat jusqu&rsquo;\u00e0 demander une nouvelle expertise par des \u00ab\u00a0m\u00e9decins et chirurgiens\u00a0\u00bb (acte du 15 juin 1536).<\/p>\n\n\n\n<p>Marguerite PEYRADIERE, femme dudit Jean AUDIBERT dit Vicari est finalement officiellement re\u00e7ue le 29 octobre 1536. Elle n&rsquo;est pas atteinte du mal. Elle en ressort, puis entre \u00e0 nouveau le 11 novembre 1538 avec sa belle-m\u00e8re.<\/p>\n\n\n\n<p id=\"rdoc6\">Le 21 d\u00e9cembre 1537, Vicari \u00e9tait au centre de conflits importants notamment avec le nomm\u00e9 COQUELIBART, ce qui a certainement conduit les consuls \u00e0 l&rsquo;exclure de la l\u00e9proserie \u00ab\u00a0pour le profit de ladite maison et pour \u00e9viter autres gros dangers\u00a0\u00bb [<a href=\"#ladres_doc6\"><strong>Doc.6<\/strong><\/a>]<br><\/p>\n\n\n\n<p id=\"rdoc9\">Il avait d\u00e9j\u00e0 fait parler de lui 15 ans plus t\u00f4t. La communaut\u00e9 avait pris la d\u00e9cision de l&#8217;emp\u00eacher d&rsquo;entrer dans la ville apr\u00e8s qu&rsquo;il soit all\u00e9, moyennant finance, enterrer un homme mort de peste dans le village de Calvisson [<strong><a href=\"#ladres_doc9\">Doc.9<\/a><\/strong>]. Ses actes et son surnom \u00ab\u00a0vicaire\u00a0\u00bb soulignent-t-ils une mis\u00e9ricorde d\u00e9vote ou plus ironiquement le comportement irresponsable d&rsquo;un affabulateur ?<\/p>\n\n\n\n<div style=\"height:20px\" aria-hidden=\"true\" class=\"wp-block-spacer\"><\/div>\n\n\n\n<h4 class=\"wp-block-heading\" id=\"rdoc8\">Nomination d&rsquo;une arbitre<\/h4>\n\n\n\n<p>Le 1<sup>er<\/sup> Mars 1538, pour mettre fin \u00e0 toutes les querelles, il est d\u00e9cid\u00e9 de nommer une \u00ab\u00a0majoresse et principale gouverni\u00e8re\u00a0\u00bb avec le pouvoir d&rsquo;exclure ceux qui s\u00e8meront le trouble. Il s&rsquo;agit de Fran\u00e7oise RAT, qui habite donc avec son enfant \u00e0 la l\u00e9proserie [<strong><a href=\"#ladres_doc8\">Doc.8<\/a><\/strong>].<\/p>\n\n\n\n<p>Des ann\u00e9es plus tard, la l\u00e9proserie connait encore des d\u00e9boires avec une femme de m\u00e9chante vie, des insolences, des paillardises, des proc\u00e8s &#8230;<br><br><\/p>\n\n\n\n<h4 class=\"wp-block-heading\">Actes de r\u00e9ception en la maison des pauvres ladres<\/h4>\n\n\n\n<p>Dans le registre BB3 :<br>&#8211; 22 d\u00e9cembre 1535 : Jean AUDIBERT dit Vicari, ladre de Sommi\u00e8res (Donation)<br>&#8211; 13 mai 1536 : Louis JULIAN, ladre, natif du lieu de Durfort, pour 20 livres tournois<br>&#8211; 16 juin 1536 : Jaume GUIRAUD, natif de Sommi\u00e8res et sa femme, tous deux ladres, pour 30 livres tournois<br>&#8211; 29 octobre 1536 : le jeune gar\u00e7on Jean GUIRAUD, fils de Laurent et Fran\u00e7oise RATE,  pour 15 livres<br>&#8211; M\u00eame jour : Marguerite PEYRADIERE, femme de Jean AUDIBERT pour 15 livres tournois<br>&#8211; 1<sup>er<\/sup> mars 1537 (v.s. = 1538) : Mathieu DEFERRAT de Calvisson, pour 15 livres tournois<br>&#8211; 20 juin 1538 : Antoine BAUNELLAS, ladre, natif de St-Chaptes, pour 19 livres tournois<br>&#8211; 2 novembre 1538 : Pierre BONNET, ladre, habitant du lieu de La Rouvi\u00e8re, paroisse des Bessons, dioc\u00e8se de Mende, pour 15 livres tournois.<br>&#8211; 11 novembre 1538 : Gabrielle DE MESSES et Marguerite PEYRADIERE, \u00ab\u00a0<span class='tooltipsall tooltip_post_id_custom_209f9969ca84316c466abc644154efcc classtoolTipsCustomShortCode' style='border-bottom:2px dotted #888;'>suegre et nore<\/span><script type=\"text\/javascript\">jQuery(\"document\").ready(function(){ toolTips('.tooltip_post_id_custom_209f9969ca84316c466abc644154efcc','belle\\-m\u00e8re et belle\\-fille'); });<\/script>\u00ab\u00a0, pour 24 livres tournois.<br>&#8211; 6 janvier 1538 (v.s. = 1539) :&nbsp; Guilliaume BARRY, ladre, fille de feu Jean de Canet pr\u00e8s de Clermont, dioc\u00e8se de Valence, pour 9 livres tournois.<\/p>\n\n\n\n<div style=\"height:20px\" aria-hidden=\"true\" class=\"wp-block-spacer\"><\/div>\n\n\n\n<p>La maison des pauvres ladres semble poss\u00e9der une \u00e9glise (b\u00e2timent) comme chapelle.<\/p>\n\n\n\n<div style=\"height:80px\" aria-hidden=\"true\" class=\"wp-block-spacer\"><\/div>\n\n\n\n<h4 class=\"wp-block-heading\">Documents source et transcriptions<\/h4>\n\n\n\n<hr class=\"wp-block-separator has-css-opacity\"\/>\n\n\n\n<p><br><em>On peut remarquer que les actes sont r\u00e9dig\u00e9s en fran\u00e7ais alors que l&rsquo;Edit de Villers-Cotter\u00eats imposant le fran\u00e7ais dans tous les actes officiels ne sera promulgu\u00e9 qu&rsquo;en 1539. Si la plupart des notaires ont attendu cette obligation pour abandonner le latin, certaines communaut\u00e9s sont pass\u00e9es de la langue d&rsquo;oc au fran\u00e7ais d\u00e8s les ann\u00e9es 1520 pour les d\u00e9lib\u00e9rations de leur conseil et les actes qui en d\u00e9coulent. C&rsquo;est le cas notamment \u00e0 Sommi\u00e8res et N\u00eemes. Comme il est rare d&rsquo;avoir des documents si anciens, il est difficile de savoir ce qu&rsquo;il en \u00e9tait pour l&rsquo;ensemble des moyennes et petites communaut\u00e9s d&rsquo;habitants.<\/em><\/p>\n\n\n\n<div style=\"height:20px\" aria-hidden=\"true\" class=\"wp-block-spacer\"><\/div>\n\n\n\n<p id=\"ladres_doc1\"><strong>Doc.1<\/strong><\/p>\n\n\n\n<p class=\"source\">Registre des d\u00e9lib\u00e9rations des consuls de Sommi\u00e8res [Arch. Comm. de Sommi\u00e8res BB2 \/ non foliot\u00e9 \/ ref.0349G]<\/p>\n\n\n\n<p>11 octobre 1536 (Calendrier julien, vieux style : l&rsquo;ann\u00e9e commence le 25 mars)<br><strong>D\u00e9lib\u00e9ration concernant la l\u00e9proserie<\/strong><br><br><\/p>\n\n\n\n<figure class=\"wp-block-image size-large\"><a href=\"https:\/\/mvic.fr\/wp-content\/uploads\/2020\/11\/Ladres1.jpg\" class=\"gallery_colorbox\"><img loading=\"lazy\" decoding=\"async\" width=\"888\" height=\"657\" src=\"https:\/\/mvic.fr\/wp-content\/uploads\/2020\/11\/Ladres1.jpg\"  alt=\"\" class=\"wp-image-525\" srcset=\"https:\/\/mvic.fr\/wp-content\/uploads\/2020\/11\/Ladres1.jpg 888w, https:\/\/mvic.fr\/wp-content\/uploads\/2020\/11\/Ladres1-300x222.jpg 300w, https:\/\/mvic.fr\/wp-content\/uploads\/2020\/11\/Ladres1-768x568.jpg 768w, https:\/\/mvic.fr\/wp-content\/uploads\/2020\/11\/Ladres1-150x111.jpg 150w\" sizes=\"(max-width: 888px) 100vw, 888px\" \/><\/a><\/figure>\n\n\n\n<p class=\"has-text-align-right has-text-align-right margin-top-6\"><a href=\"http:\/\/brozer.fr\/telearchives\/#pk:\/52743\/QUMwMzAzMjFfQkIyXzM-OS5qcGc0\" target=\"_blank\" rel=\"noreferrer noopener\">Consulter sur T\u00e9l\u00e9archives &nbsp;<img loading=\"lazy\" decoding=\"async\" width=\"100\" height=\"21\" class=\"wp-image-95\" style=\"width: 100px;margin-bottom:5px;\" src=\"https:\/\/mvic.fr\/wp-content\/uploads\/2020\/09\/brozer_logo_100.png\" alt=\"\"><\/a> <\/p>\n\n\n\n<p>Le mercredy XI<sup>e<\/sup> du moys de octobre dans la mayson comune apr\u00e8s l&rsquo;Av\u00e9 Marie de dematin par devant les premier, tiers et IIIIe consulz des conseillers [&#8230;]<\/p>\n\n\n\n<p>Ledit VERGIER procureur des pauvres ladres de la mayson de la ladrerie pr\u00e8s de la pr\u00e9sente ville a dit que lesdits pauvres sont tous les jours en question et d\u00e9bat et en danger de se batre ou tuer les ungs les aultres pour ce que ne sont point tous loug\u00e9s. A ceste cause a dit qu&rsquo;il seret bon de adviser si lougeront l\u00e0 dans ladite mayson ou non. A dit que dame Fran\u00e7oyse vefve de feu Laurens ladre luy a dit que elle a ung petit enfant mascle quy n&rsquo;a guieres que la d\u00e9mance que si l&rsquo;on veult qu&rsquo;elle le mecte l\u00e0 et qu&rsquo;il soyt loug\u00e9 et receu \u00e0 ladite mayson, elle baillera ce que l&rsquo;on bailhe commun\u00e9ment en argent, terroir, convertir alleans (? \u00e0 <span class='tooltipsall tooltipsincontent classtoolTips10'>l\u00e9ans<\/span>) \u00e8s choses plus n\u00e9cessaires et profitables de ladite mayson tout ainsi qu&rsquo;est de coustume et du demeurant que devra poyer elle cepandant s&rsquo;en obligera de le poyer si le garson vist et vient grant en <span class='tooltipsall tooltip_post_id_custom_97fd9ae97ebf767393feb2cea4f226f9 classtoolTipsCustomShortCode' style='border-bottom:2px dotted #888;'>eatge<\/span><script type=\"text\/javascript\">jQuery(\"document\").ready(function(){ toolTips('.tooltip_post_id_custom_97fd9ae97ebf767393feb2cea4f226f9','\u00e2ge'); });<\/script> de estre receu. Aussi a dit que Vicari a poy\u00e9 et acquit\u00e9 la <span class='tooltipsall tooltip_post_id_custom_3cc9ea01c37665ed050323cfd409ccec classtoolTipsCustomShortCode' style='border-bottom:2px dotted #888;'>vinghe et bosc<\/span><script type=\"text\/javascript\">jQuery(\"document\").ready(function(){ toolTips('.tooltip_post_id_custom_3cc9ea01c37665ed050323cfd409ccec','vigne et bois'); });<\/script>  qu&rsquo;il donna \u00e0 la mayson de <span class='tooltipsall tooltipsincontent classtoolTips10'>l\u00e9ans<\/span> quant y entra. A dit qu&rsquo;il y veult f\u00e8re louger et demeurer ledit Vicari sa femme en poyant ce qu&rsquo;est de coustume \u00e0 la main une partie et du demeurant se arangeront. GUIRAUD aussi dit [que] COQUELIBART a dit qu&rsquo;il est prest bailler ce qu&rsquo;il doibt pour rester tant que l&rsquo;on luy face f\u00e8re une chambre pour ce ledit VERGIER procureur a dit qu&rsquo;il y fait pauser et donner ordre le melheur et plus tost que f\u00e8re se pourra.<\/p>\n\n\n\n<p>Sur ce a est\u00e9 comuniqu\u00e9 et par conseilh arrest\u00e9 que puysque ainsi est, ilz seront tous loug\u00e9s et receus \u00e0 ladite mayson et poyeront comme est de coustume maintenent ce que porront et du demeurant ladite <span class='tooltipsall tooltip_post_id_custom_66f24ec3b7ef6ca57e14afed4c4952b0 classtoolTipsCustomShortCode' style='border-bottom:2px dotted #888;'>releys\u00e9e<\/span><script type=\"text\/javascript\">jQuery(\"document\").ready(function(){ toolTips('.tooltip_post_id_custom_66f24ec3b7ef6ca57e14afed4c4952b0','relaiss\u00e9e \\= veuve'); });<\/script> dudit feu GUIRAUD et Vicari et sa femme se obligeront en bonne fourme et sur ce de QUOQUELIBART ladre et le demeurant les procureurs de ladite mayson y prouveront (pourvoiront) comme de rayson. <\/p>\n\n\n<div class=\"wp-block-image\">\n<figure class=\"alignright size-large\"><a href=\"#rdoc1\"><img loading=\"lazy\" decoding=\"async\" width=\"24\" height=\"24\" src=\"https:\/\/mvic.fr\/wp-content\/uploads\/2020\/10\/up24.png\" alt=\"Retour en haut\" class=\"wp-image-544\"\/><\/a><\/figure><\/div>\n\n\n<hr class=\"wp-block-separator has-css-opacity\"\/>\n\n\n\n<p id=\"ladres_doc2\"><br><strong>Doc.2<\/strong><\/p>\n\n\n\n<p class=\"source\">Registre des d\u00e9lib\u00e9rations des consuls de Sommi\u00e8res [Arch. Comm. de Sommi\u00e8res BB3 \/ non foliot\u00e9 \/ ref.0025]<\/p>\n\n\n\n<p>29 octobre 1536 (Calendrier julien, vieux style : l&rsquo;ann\u00e9e commence le 25 mars)<br><strong>Instrument de r\u00e9ception pour habiter dans la maison des pauvres ladres<\/strong><br><br><\/p>\n\n\n\n<figure class=\"wp-block-image size-large\"><a href=\"https:\/\/mvic.fr\/wp-content\/uploads\/2020\/10\/ladres2.jpg\" class=\"gallery_colorbox\"><img loading=\"lazy\" decoding=\"async\" width=\"832\" height=\"611\" src=\"https:\/\/mvic.fr\/wp-content\/uploads\/2020\/10\/ladres2.jpg\"  alt=\"\" class=\"wp-image-366\" srcset=\"https:\/\/mvic.fr\/wp-content\/uploads\/2020\/10\/ladres2.jpg 832w, https:\/\/mvic.fr\/wp-content\/uploads\/2020\/10\/ladres2-300x220.jpg 300w, https:\/\/mvic.fr\/wp-content\/uploads\/2020\/10\/ladres2-768x564.jpg 768w, https:\/\/mvic.fr\/wp-content\/uploads\/2020\/10\/ladres2-150x110.jpg 150w\" sizes=\"(max-width: 832px) 100vw, 832px\" \/><\/a><\/figure>\n\n\n\n<p class=\"has-text-align-right has-text-align-right margin-top-6\"><a href=\"http:\/\/brozer.fr\/telearchives\/#pk:\/52744\/QUMwMzAzMjFfQkIzXzAyNS5qcGc0\" target=\"_blank\" rel=\"noreferrer noopener\">Consulter sur T\u00e9l\u00e9archives &nbsp;<img loading=\"lazy\" decoding=\"async\" width=\"100\" height=\"21\" class=\"wp-image-95\" style=\"width: 100px;margin-bottom:5px;\" src=\"https:\/\/mvic.fr\/wp-content\/uploads\/2020\/09\/brozer_logo_100.png\" alt=\"\"><\/a> <\/p>\n\n\n\n<p>Instrument de reception pour habiter dans la mayson des pauvres ladres pr\u00e8s de la ville de Somy\u00e8res pour pau(v)re enfant Jehan GUIRAUD filz de feu Laurens GUIRAUD ladre demeurant en son vivant en ladite maison<\/p>\n\n\n\n<p>L&rsquo;an susdit (1536) et le dimanche XXIX\u00e8me du moys de octobre trescrestian prince Fran\u00e7oys etc. scachent tous que \u00e8s pr\u00e9sences de moy notaire etc. existens et personnellement constitu\u00e9s discretz homes Jehan VERGI\u00c9 jeune et Raymond TEYSSI\u00c9 habitans de la ville de Somey\u00e8res dioc\u00e8se de Nismes, procureurs de la mayson des pauvres ladres pr\u00e8s de ladite ville de Somy\u00e8res lesquels comme procureurs en ensuyvant le voloir, consentement et d\u00e9lib\u00e9ration de messieurs les conseillers de la mayson commune dudit Somy\u00e8res de leur bon gr\u00e9 et certaine science pour eulx et les siens par la teneur du pr\u00e9sent contrault ont donn\u00e9, constitu\u00e9 et assign\u00e9 audit pauvre Jehan GUIRAUD, enfant, <span class='tooltipsall tooltipsincontent classtoolTips12'>illec<\/span> pr\u00e9sent et Fran\u00e7oyse RATE sa m\u00e8re pour luy <span class='tooltipsall tooltipsincontent classtoolTips12'>illec<\/span> pr\u00e9sente, estipulante et acceptante pour luy ascavoir est le lieu et place de louger, demeurer et habiter dans ladite mayson des pauvres ladres tant qu&rsquo;il vivra et luy pleyra y habiter une avec les pr\u00e9minances, libert\u00e9s, droictz et proffitz accoustum\u00e9s comme les aultres pauvres habitans en ladite mayson et ce pour et moyenant le pris et somme de quinze livres tournois acoustum\u00e9s pour chescung pauvre ou pauvre ladre ou ladre quy veult demeurer et habiter en d\u00e9duction duquel pris lesdits procureurs ont confess\u00e9 avoir eu et receu de ladite RATE troys livres tournois pour icelles convertir en maynage \u00e0 ladite mayson comme est de coustume et le demeurant dudit pris, ladite RATE a promis poyer ausdits procureurs deissi \u00e0 ung an prochainement venent avec pacte et condiction qu&rsquo;est ledit GUIRAUD enfant grand et demeur\u00e9 dans ladite mayson tout ce qu&rsquo;il acquisera a la fin de ses jours sera et demeurera \u00e0 ladite mayson et lesdits procureurs l&rsquo;ont mis en possession de ladite mayson par bailhement de la pleume de moy notaire en laquelle je escripves \u00e0 ladite RATE sa m\u00e8re bailh\u00e9e. Et ont promis lesdites parties ascavoir est lesdits procureurs \u00e0 ladite RATE luy f\u00e8re valoir ledit lieu et place dudit son filz dans ladite mayson et ladite RATE pour le reste dudit pris restant. Et pour ce f\u00e8re n&rsquo;ont oblig\u00e9 lesdits procureurs les biens de ladite mayson et ladite RATE les siens propres aux rigueurs des courtz rouyalle de Somy\u00e8res et conventions rouyaux de Nismes et a une chescune d&rsquo;icelles et ainsi ont promis et jur\u00e9 etc. renon\u00e7ant etc. faict au devant la porte de l&rsquo;esglise <span class='tooltipsall tooltipsincontent classtoolTips14'>sive<\/span> chapelle de ladite mayson \u00e8s pr\u00e9sences de Atnhoine AYMAR, tiers conseul, Anthoine NOGUI\u00c9, sartre, Rostang PEYROT, gippi\u00e9, Jehan CABRIEYRE, fusti\u00e9 dudit Somy\u00e8res habitantz et de moy notaire rouyal soubzsign\u00e9 etc.<\/p>\n\n\n<div class=\"wp-block-image\">\n<figure class=\"alignright size-large\"><a href=\"#rdoc2\"><img loading=\"lazy\" decoding=\"async\" width=\"24\" height=\"24\" src=\"https:\/\/mvic.fr\/wp-content\/uploads\/2020\/10\/up24.png\" alt=\"Retour en haut\" class=\"wp-image-544\"\/><\/a><\/figure><\/div>\n\n\n<hr class=\"wp-block-separator has-css-opacity\"\/>\n\n\n\n<p id=\"ladres_doc3\"><br><strong>Doc.3<\/strong><\/p>\n\n\n\n<p class=\"source\">Registre des d\u00e9lib\u00e9rations des consuls de Sommi\u00e8res [Arch. Comm. de Sommi\u00e8res BB2 \/ non foliot\u00e9 \/ ref.0322G]<\/p>\n\n\n\n<p>11 d\u00e9cembre 1535 (Calendrier julien, vieux style : l&rsquo;ann\u00e9e commence le 25 mars)<br><strong>D\u00e9lib\u00e9ration concernant une entr\u00e9e la l\u00e9proserie<\/strong><br><br><\/p>\n\n\n\n<figure class=\"wp-block-image size-large\"><a href=\"https:\/\/mvic.fr\/wp-content\/uploads\/2020\/10\/ladres3.jpg\" class=\"gallery_colorbox\"><img loading=\"lazy\" decoding=\"async\" width=\"929\" height=\"292\" src=\"https:\/\/mvic.fr\/wp-content\/uploads\/2020\/10\/ladres3.jpg\"  alt=\"\" class=\"wp-image-337\" srcset=\"https:\/\/mvic.fr\/wp-content\/uploads\/2020\/10\/ladres3.jpg 929w, https:\/\/mvic.fr\/wp-content\/uploads\/2020\/10\/ladres3-300x94.jpg 300w, https:\/\/mvic.fr\/wp-content\/uploads\/2020\/10\/ladres3-768x241.jpg 768w, https:\/\/mvic.fr\/wp-content\/uploads\/2020\/10\/ladres3-150x47.jpg 150w\" sizes=\"(max-width: 929px) 100vw, 929px\" \/><\/a><\/figure>\n\n\n\n<p class=\"has-text-align-right has-text-align-right margin-top-6\"><a href=\"http:\/\/brozer.fr\/telearchives\/#pk:\/52743\/QUMwMzAzMjFfQkIyXzMyMi5qcGc0\" target=\"_blank\" rel=\"noreferrer noopener\">Consulter sur T\u00e9l\u00e9archives &nbsp;<img loading=\"lazy\" decoding=\"async\" width=\"100\" height=\"21\" class=\"wp-image-95\" style=\"width: 100px;margin-bottom:5px;\" src=\"https:\/\/mvic.fr\/wp-content\/uploads\/2020\/09\/brozer_logo_100.png\" alt=\"\"><\/a> <\/p>\n\n\n\n<p>A est\u00e9 pass\u00e9 par conseilh si l&rsquo;on bailhera lieu et plasse \u00e0 Jehan AUDIBERT dict Vicari \u00e0 las maladieyres pr\u00e8s de Somi\u00e8res ou non<\/p>\n\n\n\n<p>A est\u00e9 comuniqu\u00e9 et pass\u00e9 par vois et conseilh qu&rsquo;il est bien raysonable qu&rsquo;il y aye lieu et plasse \u00e0 ladit mayson des pauvres ladres d&rsquo;autant qu&rsquo;il est natif et habitant de ladite ville si est dict qu&rsquo;il soyt ladre<\/p>\n\n\n<div class=\"wp-block-image\">\n<figure class=\"alignright size-large\"><a href=\"#rdoc345\"><img loading=\"lazy\" decoding=\"async\" width=\"24\" height=\"24\" src=\"https:\/\/mvic.fr\/wp-content\/uploads\/2020\/10\/up24.png\" alt=\"Retour en haut\" class=\"wp-image-544\"\/><\/a><\/figure><\/div>\n\n\n<hr class=\"wp-block-separator has-css-opacity\"\/>\n\n\n\n<p id=\"ladres_doc4\"><br><strong>Doc.4<\/strong><\/p>\n\n\n\n<p class=\"source\">Registre des d\u00e9lib\u00e9rations des consuls de Sommi\u00e8res [Arch. Comm. de Sommi\u00e8res BB3 \/ non foliot\u00e9 \/ ref.0013]<\/p>\n\n\n\n<p>22 d\u00e9cembre 1535 (Calendrier julien, vieux style, l&rsquo;ann\u00e9e commence le 25 mars)<br><strong>Donation en vue d&rsquo;\u00eatre loger \u00e0 la maison des pauvres ladres<\/strong><br><br><\/p>\n\n\n\n<figure class=\"wp-block-image size-large\"><a href=\"https:\/\/mvic.fr\/wp-content\/uploads\/2020\/10\/ladres4.jpg\" class=\"gallery_colorbox\"><img loading=\"lazy\" decoding=\"async\" width=\"885\" height=\"468\" src=\"https:\/\/mvic.fr\/wp-content\/uploads\/2020\/10\/ladres4.jpg\"  alt=\"\" class=\"wp-image-374\" srcset=\"https:\/\/mvic.fr\/wp-content\/uploads\/2020\/10\/ladres4.jpg 885w, https:\/\/mvic.fr\/wp-content\/uploads\/2020\/10\/ladres4-300x159.jpg 300w, https:\/\/mvic.fr\/wp-content\/uploads\/2020\/10\/ladres4-768x406.jpg 768w, https:\/\/mvic.fr\/wp-content\/uploads\/2020\/10\/ladres4-150x79.jpg 150w\" sizes=\"(max-width: 885px) 100vw, 885px\" \/><\/a><\/figure>\n\n\n\n<p class=\"has-text-align-right has-text-align-right margin-top-6\"><a href=\"http:\/\/brozer.fr\/telearchives\/#pk:\/52744\/QUMwMzAzMjFfQkIzXzAxMy5qcGc0\" target=\"_blank\" rel=\"noreferrer noopener\">Consulter sur T\u00e9l\u00e9archives &nbsp;<img loading=\"lazy\" decoding=\"async\" width=\"100\" height=\"21\" class=\"wp-image-95\" style=\"width: 100px;margin-bottom:5px;\" src=\"https:\/\/mvic.fr\/wp-content\/uploads\/2020\/09\/brozer_logo_100.png\" alt=\"\"><\/a> <\/p>\n\n\n\n<p>Donation pour amor de Dieu faicte par Jehan AUDIBERT et Marguerite PEYRADIEYRE mari\u00e9s et Gabrielle DE MESSES m\u00e8re dudit AUDIBERT habitans de la ville de Sommi\u00e8res dioc\u00e8se de Nismes<\/p>\n\n\n\n<p>L&rsquo;an mil cinq cens trante cinq et le mercredi XXIIe du moys de d\u00e9cembre, Fran\u00e7oys etc. scachent tous etc. que \u00e8s pr\u00e9sences des tesmoings et moy notaire etc. existens et personnellement constitu\u00e9s lesdits AUDIBERT et PEYRADIEYRE habitans de ladite ville de Somi\u00e8res lesquels scavans et consid\u00e9rans ledit Jehan AUDIBERT estre touch\u00e9 de maladie contensieuse nomm\u00e9e l\u00e8pre <span class='tooltipsall tooltipsincontent classtoolTips14'>sive<\/span> ladrarie et darrieyrement avoyr est\u00e9 exprouv\u00e9 et v\u00e9riffi\u00e9 volant et d\u00e9sirant soy d\u00e9samparer de la compagnie des sains, laysser sa maison o\u00f9 habitoyt dans ladite ville de Somi\u00e8res et soy retirer de tout \u00e0 la mayson des pauvres ladres pr\u00e8s de ladite ville de Somi\u00e8res out son lieu veult estre assign\u00e9, volant \u00e0 ladite mayson donner certaines pi\u00e8ces cy apr\u00e8s d\u00e9singn\u00e9es affin que en ycelle il soyt mieux receu et entretenu et afin que peusse mieulx en ycelle vivre. Pour ce, ces causes et aultres leur couraige mouvans, de leur bon gr\u00e9 et spontan\u00e9e volunt\u00e9 par leur bone de foy, sans dol, fraude ny barat, par eulx et les siens par la teneur du pr\u00e9sent contrault etc. ladite PEYRADIEYRE avec licence et consentement dudit AUDIBERT son mary pr\u00e9sent et licence luy quant \u00e0 ce donnant tous troys ensemble et ung chescun d&rsquo;eulx en tant que ung chescung d&rsquo;eulx touche par euls et les siens etc. ont donn\u00e9 et donnent par donation que se dict f\u00e8re entre les vifz et par amor de Dieu ou aultre donation que de voict porret mieulx valoir \u00e0 ladite mayson des pauvres ladres pr\u00e8s de ladite ville honnorables homes Guilhaumes BLAQUIERE et Pierre GRUYON premier et darrier consulz de ladite ville de l&rsquo;ann\u00e9e pr\u00e9sente, pr\u00e9sens et pour icelle avec moy notaire stipulantz et acceptans etc. ascavoir est une leur vingne scitu\u00e9e en la d\u00e9marie de Sainct Amans et au terroir appel\u00e9 \u00e0 L&rsquo;Obaresse contient dix journaux \u00e0 foyre ou environ confrontant en la vinghne de sen Jehan GIRARD et en la rivieyre de Venobie et en ung h\u00e9rin de Raymond GUIRAUD et jougnant bosc que se tient en ladite vinghe qu&rsquo;est audit AUDIBERT et en tous ses aultres confrons. Item un bosc aqui mesmes confrontant et jougnant aultre bosc de Mathieu et Jehan LAURACZ et en ung aultre bosc de Jehan GIRARD et en tous ses aultres confrons etc. avec pacte que que ledit AUDIBERT pourra et luy sera permis demeurer et habiter en ladite mayson desdits ladres tant qu&rsquo;il voudra et luy plerra manyant et vivant ensemble avec les aultres pauvres de ladite mayson. Item avec pacte que s&rsquo;il ne voloyt demeurer en ladite mayson ou avenoyt \u00e0 morir que lesdites possessions demeurent toutellement \u00e0 ladite mayson sans ce qu&rsquo;il en peuve dispauser ne les donner en aultre part soy divestissans etc. investissans etc. par bailhement de la pleume de moy notaire etc. conc\u00e9dant etc. et vraye dame etc. prometant icelles f\u00e8re valoir, tenir et en paix possesir et pour ce f\u00e8re complir et non contrevenir ne ont oblig\u00e9 etc. tous et chescuns leurs biens etc. aux rigueurs des courtz rouyalles de Somi\u00e8res au conventions rouyaulx de Nismes et \u00e0 une chescune d&rsquo;icelles. Et ainsi l&rsquo;ont promis et jur\u00e9 etc. renon\u00e7ant etc. de quoy etc. Faic dans la mayson consul\u00e8re dudit Somi\u00e8res \u00e8s pr\u00e9sences de Me Jehan DE FOBIS, Jacques SABATI\u00c9, Michel MORGUE, fustier, messire Me Bernard MALTRAICT, messire Jehan VERGI\u00c9 vieulx habitans dudit Somi\u00e8res et de moy Vidal PORTAL notaire rouyal soubzsign\u00e9.<\/p>\n\n\n<div class=\"wp-block-image\">\n<figure class=\"alignright size-large\"><a href=\"#rdoc345\"><img loading=\"lazy\" decoding=\"async\" width=\"24\" height=\"24\" src=\"https:\/\/mvic.fr\/wp-content\/uploads\/2020\/10\/up24.png\" alt=\"Retour en haut\" class=\"wp-image-544\"\/><\/a><\/figure><\/div>\n\n\n<hr class=\"wp-block-separator has-css-opacity\"\/>\n\n\n\n<p id=\"ladres_doc5\"><br><strong>Doc.5<\/strong><\/p>\n\n\n\n<p class=\"source\">Registre des d\u00e9lib\u00e9rations des consuls de Sommi\u00e8res [Arch. Comm. de Sommi\u00e8res BB2 \/ non foliot\u00e9 \/ ref.0328D]<\/p>\n\n\n\n<p>18 f\u00e9vrier 1535 (=1536, Calendrier julien : vieux style, l&rsquo;ann\u00e9e commence le 25 mars)<br><strong>D\u00e9lib\u00e9ration au sujet de somme due \u00e0 la l\u00e9proserie<\/strong><br><br><\/p>\n\n\n\n<figure class=\"wp-block-image size-large\"><a href=\"https:\/\/mvic.fr\/wp-content\/uploads\/2020\/10\/ladres5.jpg\" class=\"gallery_colorbox\"><img loading=\"lazy\" decoding=\"async\" width=\"983\" height=\"232\" src=\"https:\/\/mvic.fr\/wp-content\/uploads\/2020\/10\/ladres5.jpg\"  alt=\"\" class=\"wp-image-378\" srcset=\"https:\/\/mvic.fr\/wp-content\/uploads\/2020\/10\/ladres5.jpg 983w, https:\/\/mvic.fr\/wp-content\/uploads\/2020\/10\/ladres5-300x71.jpg 300w, https:\/\/mvic.fr\/wp-content\/uploads\/2020\/10\/ladres5-768x181.jpg 768w, https:\/\/mvic.fr\/wp-content\/uploads\/2020\/10\/ladres5-150x35.jpg 150w\" sizes=\"(max-width: 983px) 100vw, 983px\" \/><\/a><\/figure>\n\n\n\n<p class=\"has-text-align-right has-text-align-right margin-top-6\"><a href=\"http:\/\/brozer.fr\/telearchives\/#pk:\/52743\/QUMwMzAzMjFfQkIyXzMyOC5qcGc0\" target=\"_blank\" rel=\"noreferrer noopener\">Consulter sur T\u00e9l\u00e9archives &nbsp;<img loading=\"lazy\" decoding=\"async\" width=\"100\" height=\"21\" class=\"wp-image-95\" style=\"width: 100px;margin-bottom:5px;\" src=\"https:\/\/mvic.fr\/wp-content\/uploads\/2020\/09\/brozer_logo_100.png\" alt=\"\"><\/a> <\/p>\n\n\n\n<p>D&rsquo;avantaige a dit ledit Monsieur le consul que les povres des maladi\u00e8res ou bien les procureurs demandent d&rsquo;argent de ce que la ville leur doibt pour poyer aux massons la chambre qu&rsquo;ilz ont faict faire pour Vicari<\/p>\n\n\n<div class=\"wp-block-image\">\n<figure class=\"alignright size-large\"><a href=\"#rdoc345\"><img loading=\"lazy\" decoding=\"async\" width=\"24\" height=\"24\" src=\"https:\/\/mvic.fr\/wp-content\/uploads\/2020\/10\/up24.png\" alt=\"Retour en haut\" class=\"wp-image-544\"\/><\/a><\/figure><\/div>\n\n\n<hr class=\"wp-block-separator has-css-opacity\"\/>\n\n\n\n<p id=\"ladres_doc6\"><br><strong>Doc.6<\/strong><\/p>\n\n\n\n<p class=\"source\">Registre des d\u00e9lib\u00e9rations des consuls de Sommi\u00e8res [Arch. Comm. de Sommi\u00e8res BB2 \/ non foliot\u00e9 \/ ref.412G]<\/p>\n\n\n\n<p>21 d\u00e9cembre 1537 (Calendrier julien, vieux style : l&rsquo;ann\u00e9e commence le 25 mars)<br><strong>D\u00e9lib\u00e9ration au sujet de bruit et question \u00e0 la l\u00e9proserie<\/strong><br><br><\/p>\n\n\n\n<figure class=\"wp-block-image size-large\"><a href=\"https:\/\/mvic.fr\/wp-content\/uploads\/2020\/10\/ladres6.jpg\" class=\"gallery_colorbox\"><img loading=\"lazy\" decoding=\"async\" width=\"937\" height=\"378\" src=\"https:\/\/mvic.fr\/wp-content\/uploads\/2020\/10\/ladres6.jpg\"  alt=\"\" class=\"wp-image-384\" srcset=\"https:\/\/mvic.fr\/wp-content\/uploads\/2020\/10\/ladres6.jpg 937w, https:\/\/mvic.fr\/wp-content\/uploads\/2020\/10\/ladres6-300x121.jpg 300w, https:\/\/mvic.fr\/wp-content\/uploads\/2020\/10\/ladres6-768x310.jpg 768w, https:\/\/mvic.fr\/wp-content\/uploads\/2020\/10\/ladres6-150x61.jpg 150w\" sizes=\"(max-width: 937px) 100vw, 937px\" \/><\/a><\/figure>\n\n\n\n<p class=\"has-text-align-right has-text-align-right margin-top-6\"><a href=\"http:\/\/brozer.fr\/telearchives\/#pk:\/52743\/QUMwMzAzMjFfQkIyXzQxMi5qcGc0\" target=\"_blank\" rel=\"noreferrer noopener\">Consulter sur T\u00e9l\u00e9archives &nbsp;<img loading=\"lazy\" decoding=\"async\" width=\"100\" height=\"21\" class=\"wp-image-95\" style=\"width: 100px;margin-bottom:5px;\" src=\"https:\/\/mvic.fr\/wp-content\/uploads\/2020\/09\/brozer_logo_100.png\" alt=\"\"><\/a> <\/p>\n\n\n\n<p>Monsieur le premier conseul a dit qu&rsquo;il y a gros bruyt et question \u00e0 la maladi\u00e8res entre Vicari et QUQUELIBERT et aultres de ladite mayson et y a gros dangier de f\u00e8re quque ex\u00e8s. A ceste cause a dit qu&rsquo;il y fault donner quque ordre<\/p>\n\n\n\n<p>A est\u00e9 arrest\u00e9 que l&rsquo;on se transporte sus le lieu et que l&rsquo;on auje et scache leur diff\u00e9rent et s&rsquo;il est possible que l&rsquo;on en sorte si l&rsquo;on peult ledit Vicari dehors pour le proffit de ladite meyson et de la ville et pour \u00e9viter aultres gros dangietz<\/p>\n\n\n<div class=\"wp-block-image\">\n<figure class=\"alignright size-large\"><a href=\"#rdoc6\"><img loading=\"lazy\" decoding=\"async\" width=\"24\" height=\"24\" src=\"https:\/\/mvic.fr\/wp-content\/uploads\/2020\/10\/up24.png\" alt=\"Retour en haut\" class=\"wp-image-544\"\/><\/a><\/figure><\/div>\n\n\n<hr class=\"wp-block-separator has-css-opacity\"\/>\n\n\n\n<p id=\"ladres_doc7\"><br><strong>Doc.7<\/strong><\/p>\n\n\n\n<p class=\"source\">Registre des d\u00e9lib\u00e9rations des consuls de Sommi\u00e8res [Arch. Comm. de Sommi\u00e8res BB2 \/ non foliot\u00e9 \/ ref.0339D]<\/p>\n\n\n\n<p>6 juin 1536 (Calendrier julien, vieux style : l&rsquo;ann\u00e9e commence le 25 mars)<br><strong>D\u00e9lib\u00e9ration au sujets des l\u00e9preux<\/strong><br><br><\/p>\n\n\n\n<figure class=\"wp-block-image size-large\"><a href=\"https:\/\/mvic.fr\/wp-content\/uploads\/2020\/10\/ladres7.jpg\" class=\"gallery_colorbox\"><img loading=\"lazy\" decoding=\"async\" width=\"1024\" height=\"528\" src=\"https:\/\/mvic.fr\/wp-content\/uploads\/2020\/10\/ladres7-1024x528.jpg\"  alt=\"\" class=\"wp-image-405\" srcset=\"https:\/\/mvic.fr\/wp-content\/uploads\/2020\/10\/ladres7-1024x528.jpg 1024w, https:\/\/mvic.fr\/wp-content\/uploads\/2020\/10\/ladres7-300x155.jpg 300w, https:\/\/mvic.fr\/wp-content\/uploads\/2020\/10\/ladres7-768x396.jpg 768w, https:\/\/mvic.fr\/wp-content\/uploads\/2020\/10\/ladres7-150x77.jpg 150w, https:\/\/mvic.fr\/wp-content\/uploads\/2020\/10\/ladres7.jpg 1099w\" sizes=\"(max-width: 1024px) 100vw, 1024px\" \/><\/a><\/figure>\n\n\n\n<p class=\"has-text-align-right has-text-align-right margin-top-6\"><a href=\"http:\/\/brozer.fr\/telearchives\/#pk:\/52743\/QUMwMzAzMjFfQkIyXzMzOS5qcGc0\" target=\"_blank\" rel=\"noreferrer noopener\">Consulter sur T\u00e9l\u00e9archives &nbsp;<img loading=\"lazy\" decoding=\"async\" width=\"100\" height=\"21\" class=\"wp-image-95\" style=\"width: 100px;margin-bottom:5px;\" src=\"https:\/\/mvic.fr\/wp-content\/uploads\/2020\/09\/brozer_logo_100.png\" alt=\"\"><\/a> <\/p>\n\n\n\n<p>Monsieur le premier consul a dit qu&rsquo;il a envoy\u00e9 le conseilh pour les aff\u00e8res que passent. Et premi\u00e8rement pour ce que QUQUELIBART ladre avec sa femme sont arriv\u00e9s \u00e0 las maladieyres pr\u00e8s de ladite ville et ont dit et s&rsquo;est offert ledit QUQUELIBART bailher pour luy et sa femme trante livres tournois proveu qu&rsquo;ilz soyent tous deux receus \u00e0 demeurer \u00e0 ladite mayson des ladres. Et touchant Vicari et sa femme ilz n&rsquo;ont rien port\u00e9 \u00e0 ladite mayson et y demeurent l\u00e0. Par quoy a est\u00e9 communiqu\u00e9 et pass\u00e9 par conseilh si l&rsquo;on recevra lesdits COQUELIBART et sa femme en bailhant ladite somme et aussi lesdits Vicari et sa femme si l&rsquo;on les recevra \u00e0 ladite mayson en baillant semblable somme ou non<\/p>\n\n\n\n<p>A est\u00e9 pass\u00e9 par conseilh et oppinions que l&rsquo;on recebre lesdits COQUELIBART et sa femme en ladite mayson en bailhant ladite somme de XXX livres tournois et aussi ledit Vicari et sa femme en bailhant semblable somme sinon que l&rsquo;on les face sortir de ors l\u00e0 out voudront<\/p>\n\n\n<div class=\"wp-block-image\">\n<figure class=\"alignright size-large\"><a href=\"#rdoc7\"><img loading=\"lazy\" decoding=\"async\" width=\"24\" height=\"24\" src=\"https:\/\/mvic.fr\/wp-content\/uploads\/2020\/10\/up24.png\" alt=\"Retour en haut\" class=\"wp-image-544\"\/><\/a><\/figure><\/div>\n\n\n<hr class=\"wp-block-separator has-css-opacity\"\/>\n\n\n\n<p id=\"ladres_doc8\"><br><strong>Doc.8<\/strong><\/p>\n\n\n\n<p class=\"source\">Registre des d\u00e9lib\u00e9rations des consuls de Sommi\u00e8res [Arch. Comm. de Sommi\u00e8res BB3 \/ non foliot\u00e9 \/ ref.0069]<\/p>\n\n\n\n<p>1<sup>er<\/sup> mars 1537 (=1538 &#8211; Calendrier julien, vieux style, l&rsquo;ann\u00e9e commence le 25 mars)<br><strong>Accord et convention entre les pensionnaires de la maison des pauvres ladres<\/strong><br><br><\/p>\n\n\n\n<figure class=\"wp-block-image size-large\"><a href=\"https:\/\/mvic.fr\/wp-content\/uploads\/2020\/10\/ladres8.jpg\" class=\"gallery_colorbox\"><img loading=\"lazy\" decoding=\"async\" width=\"916\" height=\"552\" src=\"https:\/\/mvic.fr\/wp-content\/uploads\/2020\/10\/ladres8.jpg\"  alt=\"\" class=\"wp-image-424\" srcset=\"https:\/\/mvic.fr\/wp-content\/uploads\/2020\/10\/ladres8.jpg 916w, https:\/\/mvic.fr\/wp-content\/uploads\/2020\/10\/ladres8-300x181.jpg 300w, https:\/\/mvic.fr\/wp-content\/uploads\/2020\/10\/ladres8-768x463.jpg 768w, https:\/\/mvic.fr\/wp-content\/uploads\/2020\/10\/ladres8-150x90.jpg 150w\" sizes=\"(max-width: 916px) 100vw, 916px\" \/><\/a><\/figure>\n\n\n\n<p class=\"has-text-align-right has-text-align-right margin-top-6\"><a href=\"http:\/\/brozer.fr\/telearchives\/#pk:\/52744\/QUMwMzAzMjFfQkIzXzA2OS5qcGc0\" target=\"_blank\" rel=\"noreferrer noopener\">Consulter sur T\u00e9l\u00e9archives &nbsp;<img loading=\"lazy\" decoding=\"async\" width=\"100\" height=\"21\" class=\"wp-image-95\" style=\"width: 100px;margin-bottom:5px;\" src=\"https:\/\/mvic.fr\/wp-content\/uploads\/2020\/09\/brozer_logo_100.png\" alt=\"\"><\/a> <\/p>\n\n\n\n<p>Convention et accord faict et pass\u00e9 par et entre Loys JULIAN, Jehan AUDIBERT, Mathieu DEFERRAT, Franc\u00e8se RATE, Focoran GUIRAUD habitans en ladite meyson des ladres pr\u00e8s de ladite ville de Soumieyre<\/p>\n\n\n\n<p>L&rsquo;an et jour susdits scachent tous etc. que comme plusieurs foys fussent question et d\u00e9bat et danger de n&rsquo;y aver de plus grandz et excesses par et entre lesdites parties ensemble habitantz par beaucouptz de raysons et occasions entre elles comme ont dict, par quoy pour \u00e9viter lesdites questions et exc\u00e8s et vivre ensemble en bone paix et unyon, lesdites parties toutes ensembles de leur bon gr\u00e9 et spontan\u00e9e volunt\u00e9 traictans et moyenans ce que desoubz, lesdits procureurs et autres personages dessus nomm\u00e9s ont convenu et accourd\u00e9 que doresenavant une desdites parties meust et prant question et d\u00e9bat contre l&rsquo;autre partie sans bon propos et bone rayson et se vincent \u00e0 injurier de faict et de parolle sera, ladite partie que aura acommenc\u00e9 ledit d\u00e9bat et question et que sera en cause de tout le d\u00e9bat, deject\u00e9e et messe hors de ladite meyson <span class='tooltipsall tooltipsincontent classtoolTips1'>incontinent<\/span> sans aucune contradiction. Et ont esleu lesdits JULIAN, AUDIBERT et DEFERRAT ladite Fran\u00e7oyse RATE <span class='tooltipsall tooltipsincontent classtoolTips12'>illec<\/span> comme dessus pr\u00e9sente etc. en majoresse et principale gouvernieyres entre euls pour bien et deuement r\u00e9gir et gouverner ladite meyson et les aff\u00e8res d&rsquo;icelle que surviendront en ycelle entre eulx, promettant ce que dessus et tout ce que par ladite RATE sera faict et command\u00e9 tenir, f\u00e8re, garder, complir et observer etc. et ce sur l&rsquo;obligation de tous et chescuns leurs biens etc. lesquels ont oblig\u00e9s etc. aux cours susdites et \u00e0 une chescune d&rsquo;icelles. Et ainsi l&rsquo;ont jur\u00e9 etc. renon\u00e7ant etc. de quoy etc. Faict au lieu que dessus \u00e8s pr\u00e9sences de seulx que dessus et de moy jadis V. PORTAL notaire etc. <\/p>\n\n\n<div class=\"wp-block-image\">\n<figure class=\"alignright size-large\"><a href=\"#rdoc8\"><img loading=\"lazy\" decoding=\"async\" width=\"24\" height=\"24\" src=\"https:\/\/mvic.fr\/wp-content\/uploads\/2020\/10\/up24.png\" alt=\"Retour en haut\" class=\"wp-image-544\"\/><\/a><\/figure><\/div>\n\n\n<hr class=\"wp-block-separator has-css-opacity\"\/>\n\n\n\n<p id=\"ladres_doc9\"><br><strong>Doc.9<\/strong><\/p>\n\n\n\n<p class=\"source\">Registre des d\u00e9lib\u00e9rations des consuls de Sommi\u00e8res [Arch. Comm. de Sommi\u00e8res BB2 \/ non foliot\u00e9 \/ ref.0087]<\/p>\n\n\n\n<p>24 mars 1522 (=1523 &#8211; Calendrier julien, vieux style, l&rsquo;ann\u00e9e commence le 25 mars)<br><strong><strong>D\u00e9lib\u00e9ration au sujet<\/strong> de l&rsquo;enterrement d&rsquo;un homme mort de peste \u00e0 Calvisson<\/strong> <br><br><\/p>\n\n\n\n<figure class=\"wp-block-image size-large\"><img loading=\"lazy\" decoding=\"async\" width=\"900\" height=\"323\" src=\"https:\/\/mvic.fr\/wp-content\/uploads\/2021\/05\/ladres9.jpg\" alt=\"\" class=\"wp-image-1162\" srcset=\"https:\/\/mvic.fr\/wp-content\/uploads\/2021\/05\/ladres9.jpg 900w, https:\/\/mvic.fr\/wp-content\/uploads\/2021\/05\/ladres9-300x108.jpg 300w, https:\/\/mvic.fr\/wp-content\/uploads\/2021\/05\/ladres9-768x276.jpg 768w, https:\/\/mvic.fr\/wp-content\/uploads\/2021\/05\/ladres9-150x54.jpg 150w\" sizes=\"(max-width: 900px) 100vw, 900px\" \/><\/figure>\n\n\n\n<p class=\"has-text-align-right has-text-align-right margin-top-6\"><a href=\"https:\/\/brozer.fr\/telearchives\/#pk:\/52743\/QUMwMzAzMjFfQkIyXzA4Ny5qcGc0\" target=\"_blank\" rel=\"noreferrer noopener\">Consulter sur T\u00e9l\u00e9archives \u00a0<img loading=\"lazy\" decoding=\"async\" width=\"100\" height=\"21\" class=\"wp-image-95\" style=\"width: 100px;margin-bottom:5px;\" src=\"https:\/\/mvic.fr\/wp-content\/uploads\/2020\/09\/brozer_logo_100.png\" alt=\"\"><\/a><\/p>\n\n\n\n<p>Aussi comment Jehan AUDIBERT dit Vicari alloyt \u00e0 Calvisson et avoyt pris et receu pour ensevellir ung homme mort de peste la somme de troys florins et si on le gecteroyt dehors ne son mesnage.<\/p>\n\n\n\n<p>A est\u00e9 conclux que ledit Vicari ne intre point et si se trouve que sa fame et mesnage si approchet de luy les gecter dehors et leurs faire commendemens de ne se approcher.<\/p>\n\n\n<div class=\"wp-block-image\">\n<figure class=\"alignright size-large\"><a href=\"#rdoc9\"><img loading=\"lazy\" decoding=\"async\" width=\"24\" height=\"24\" src=\"https:\/\/mvic.fr\/wp-content\/uploads\/2020\/10\/up24.png\" alt=\"Retour en haut\" class=\"wp-image-544\"\/><\/a><\/figure><\/div>\n\n\n<hr class=\"wp-block-separator has-css-opacity\"\/>\n\n\n\n<div style=\"height:100px\" aria-hidden=\"true\" class=\"wp-block-spacer\"><\/div>\n<script type=\"text\/javascript\"> toolTips('.classtoolTips1','incontinent = aussit\u00f4t, d\u00e8s'); <\/script><script type=\"text\/javascript\"> toolTips('.classtoolTips10','l\u00e9ans = l\u00e0-dedans, l\u00e0-bas, antonyme de c\u00e9ans (ici)'); <\/script><script type=\"text\/javascript\"> toolTips('.classtoolTips12','illec = ici, en ce lieu'); <\/script><script type=\"text\/javascript\"> toolTips('.classtoolTips13','ains = mais, mais plut\u00f4t'); <\/script><script type=\"text\/javascript\"> toolTips('.classtoolTips13','ains = mais, mais plut\u00f4t'); <\/script><script type=\"text\/javascript\"> toolTips('.classtoolTips14','sive (latin) = ou (conjonction)'); <\/script>","protected":false},"excerpt":{"rendered":"<p>Loin de l&rsquo;image que l&rsquo;on peut se faire des l\u00e9preux que l&rsquo;infirmit\u00e9 et la souffrance rendent impotents, le b\u00e2timent qui les accueillent \u00e0 Sommi\u00e8res parait au contraire tr\u00e8s agit\u00e9. Les malades qui fr\u00e9quentent cette \u00ab\u00a0maison des pauvr..<\/p>\n<div class=\"clear-fix\"><\/div>\n<p><a href=\"https:\/\/mvic.fr\/?p=325\" title=\"Lire la suite...\">Lire la suite<\/a><\/p>\n","protected":false},"author":1,"featured_media":1156,"comment_status":"open","ping_status":"open","sticky":false,"template":"","format":"standard","meta":{"footnotes":""},"categories":[20,21],"tags":[],"post_folder":[41],"class_list":["post-325","post","type-post","status-publish","format-standard","has-post-thumbnail","hentry","category-30-sommieres","category-maladie-epidemies"],"_links":{"self":[{"href":"https:\/\/mvic.fr\/index.php?rest_route=\/wp\/v2\/posts\/325"}],"collection":[{"href":"https:\/\/mvic.fr\/index.php?rest_route=\/wp\/v2\/posts"}],"about":[{"href":"https:\/\/mvic.fr\/index.php?rest_route=\/wp\/v2\/types\/post"}],"author":[{"embeddable":true,"href":"https:\/\/mvic.fr\/index.php?rest_route=\/wp\/v2\/users\/1"}],"replies":[{"embeddable":true,"href":"https:\/\/mvic.fr\/index.php?rest_route=%2Fwp%2Fv2%2Fcomments&post=325"}],"version-history":[{"count":20,"href":"https:\/\/mvic.fr\/index.php?rest_route=\/wp\/v2\/posts\/325\/revisions"}],"predecessor-version":[{"id":1357,"href":"https:\/\/mvic.fr\/index.php?rest_route=\/wp\/v2\/posts\/325\/revisions\/1357"}],"wp:featuredmedia":[{"embeddable":true,"href":"https:\/\/mvic.fr\/index.php?rest_route=\/wp\/v2\/media\/1156"}],"wp:attachment":[{"href":"https:\/\/mvic.fr\/index.php?rest_route=%2Fwp%2Fv2%2Fmedia&parent=325"}],"wp:term":[{"taxonomy":"category","embeddable":true,"href":"https:\/\/mvic.fr\/index.php?rest_route=%2Fwp%2Fv2%2Fcategories&post=325"},{"taxonomy":"post_tag","embeddable":true,"href":"https:\/\/mvic.fr\/index.php?rest_route=%2Fwp%2Fv2%2Ftags&post=325"},{"taxonomy":"post_folder","embeddable":true,"href":"https:\/\/mvic.fr\/index.php?rest_route=%2Fwp%2Fv2%2Fpost_folder&post=325"}],"curies":[{"name":"wp","href":"https:\/\/api.w.org\/{rel}","templated":true}]}}