{"id":464,"date":"2020-10-21T02:26:51","date_gmt":"2020-10-21T00:26:51","guid":{"rendered":"https:\/\/mvic.fr\/?p=464"},"modified":"2024-08-02T15:05:34","modified_gmt":"2024-08-02T13:05:34","slug":"1613-la-dangereuse-fonction-de-decimateur-a-boissieres","status":"publish","type":"post","link":"https:\/\/mvic.fr\/?p=464","title":{"rendered":"1613 La dangereuse fonction de d\u00e9cimateur \u00e0 Boissi\u00e8res"},"content":{"rendered":"\n<div style=\"height:20px\" aria-hidden=\"true\" class=\"wp-block-spacer\"><\/div>\n\n\n\n<p>1613<br><span class=\"titre1\">La d\u00eeme en pays protestant<\/span><\/p>\n\n\n\n<div style=\"height:20px\" aria-hidden=\"true\" class=\"wp-block-spacer\"><\/div>\n\n\n\n<p>Pr\u00e9lever la d\u00eeme sur les terres d&rsquo;un seigneur protestant peut \u00eatre au p\u00e9ril de sa vie. La seigneurie de Boissi\u00e8res appartient \u00e0 la famille DE CALVI\u00c8RE depuis 1556. Claude, petit-fils de Nicolas &#8211; qui fit b\u00e2tir le ch\u00e2teau vers 1565 &#8211; n&rsquo;a pas la r\u00e9putation d&rsquo;\u00eatre tendre. Les faits se d\u00e9roulent \u00e0 une p\u00e9riode o\u00f9, dans certaines r\u00e9gions comme ici en <span class='tooltipsall tooltipsincontent classtoolTips5'>Vaunage<\/span>, le pouvoir de l&rsquo;Eglise catholique vacille. Beaucoup d&rsquo;\u00e9glises sont en ruine et le resteront plusieurs d\u00e9cennies. La religion protestante s&rsquo;immisce dans les organes du pouvoir local qui cherche \u00e0 se d\u00e9charger des taxes et des obligations impos\u00e9es par la religion papiste.<\/p>\n\n\n\n<div style=\"height:20px\" aria-hidden=\"true\" class=\"wp-block-spacer\"><\/div>\n\n\n\n<h4 class=\"wp-block-heading\" id=\"rdoc1\">N&rsquo;importe o\u00f9 mais pas \u00e0 Boissi\u00e8res<\/h4>\n\n\n\n<p>Andr\u00e9 ROUX, d\u00e9cimateur ou \u00ab\u00a0airier\u00a0\u00bb en 1613 du Chapitre de l&rsquo;\u00e9glise cath\u00e9drale de N\u00eemes pour le b\u00e9n\u00e9fice du prieur\u00e9 de Boissi\u00e8res, refuse de s&rsquo;y rendre pour pr\u00e9lever, en nature, la portion qui revient de droit \u00e0 l&rsquo;Eglise, soit environ un dixi\u00e8me de toutes les r\u00e9coltes de c\u00e9r\u00e9ales du terroir du petit village. Les gerbes ainsi ponctionn\u00e9es sont entrepos\u00e9es dans une aire (\u00e0 battre) pr\u00e9vue \u00e0 cet effet, d&rsquo;o\u00f9 le nom d&rsquo;airier. Andr\u00e9 ROUX veut bien remplir cette fonction, ailleurs, <strong>n&rsquo;importe o\u00f9 pourvu que ce ne soit pas \u00e0 Boissi\u00e8res<\/strong> [<strong><a href=\"#doc1\">Doc.1<\/a><\/strong>].<\/p>\n\n\n\n<p>Le <span class='tooltipsall tooltipsincontent classtoolTips11'>syndic<\/span> du Chapitre propose que l&rsquo;aire de Bizac, petit hameau de Calvisson tout pr\u00e8s de Boissi\u00e8res, soit utilis\u00e9e plut\u00f4t que celle de Boissi\u00e8res mais cela ne suffit pas \u00e0 convaincre l&rsquo;airier. On lui impose de nommer un rempla\u00e7ant mais il n&rsquo;a personne \u00e0 mettre \u00e0 sa place pour cette t\u00e2che p\u00e9rilleuse. Malgr\u00e9 les cons\u00e9quences li\u00e9es \u00e0 la rupture de son contrat, il refuse obstin\u00e9ment de l&rsquo;honorer.<\/p>\n\n\n\n<div style=\"height:20px\" aria-hidden=\"true\" class=\"wp-block-spacer\"><\/div>\n\n\n\n<h4 class=\"wp-block-heading\" id=\"rdoc2\">Poursuivi par le seigneur et ses hommes<\/h4>\n\n\n\n<p>On comprend, \u00e0 la lecture d&rsquo;un billet de protestation, que Claude DE CALVI\u00c8RE n&rsquo;a nullement l&rsquo;intention d&rsquo;abandonner une part de ses r\u00e9coltes \u00e0 l&rsquo;Eglise. Accompagn\u00e9 par ses hommes de main, il poursuit avec acharnement ceux qui se risquent \u00e0 pr\u00e9lever sa contribution en les mena\u00e7ant de coups de b\u00e2ton ou de <strong>leur couper les bras et les jambes<\/strong> [<strong><a href=\"#doc2\">Doc.2<\/a><\/strong>]. <\/p>\n\n\n\n<div style=\"height:20px\" aria-hidden=\"true\" class=\"wp-block-spacer\"><\/div>\n\n\n\n<h4 class=\"wp-block-heading\" id=\"rdoc3\">Requ\u00eate et intervention de la s\u00e9n\u00e9chauss\u00e9e<\/h4>\n\n\n\n<p>L&rsquo;affaire est port\u00e9e devant la s\u00e9n\u00e9chauss\u00e9e de Beaucaire et N\u00eemes par le <span class='tooltipsall tooltipsincontent classtoolTips11'>syndic<\/span> du Chapitre qui d\u00e9nonce les intimidations et les menaces du seigneur de Boissi\u00e8res contrevenant aux \u00e9dits de pacification en rappelant les angoisses de l&rsquo;airier [<strong><a href=\"#doc3\">Doc.3<\/a><\/strong>].<\/p>\n\n\n\n<p id=\"rdoc4\">Finalement, suivant les r\u00e9quisitions du <span class='tooltipsall tooltipsincontent classtoolTips11'>syndic<\/span>, le s\u00e9n\u00e9chal Jean DE FAIN, seigneur de P\u00e9raut, baron de V\u00e9z\u00e9nobres, prononcera une injonction \u00e0 l&rsquo;encontre de Claude DE CALVI\u00c8RE pour que la d\u00eeme puissent \u00eatre pr\u00e9lev\u00e9e sans emp\u00eachement. Pour appuyer cette d\u00e9cision, l&rsquo;amende en cas d&rsquo;infraction est fix\u00e9e \u00e0 la somme consid\u00e9rable et dissuasive de 10.000 livres [<strong><a href=\"#doc4\">Doc.4<\/a><\/strong>].<\/p>\n\n\n\n<div style=\"height:80px\" aria-hidden=\"true\" class=\"wp-block-spacer\"><\/div>\n\n\n\n<h4 class=\"wp-block-heading gris\">Documents source et transcriptions<\/h4>\n\n\n\n<hr class=\"wp-block-separator has-css-opacity\"\/>\n\n\n\n<p id=\"doc1\"><br><strong>Doc.1<\/strong><\/p>\n\n\n\n<p class=\"source\">Actes du Chapitre de l&rsquo;\u00e9glise cath\u00e9drale de N\u00eemes [AD du Gard G274 \/ liasse \/ ref.0080]<\/p>\n\n\n\n<p>7 juin 1613<br><strong>Acte de r\u00e9quisition et protestation<\/strong><br><br><\/p>\n\n\n\n<figure class=\"wp-block-image size-large\"><a href=\"https:\/\/mvic.fr\/wp-content\/uploads\/2020\/10\/Boissieres1613_1.jpg\" class=\"gallery_colorbox\"><img loading=\"lazy\" decoding=\"async\" width=\"742\" height=\"424\" src=\"https:\/\/mvic.fr\/wp-content\/uploads\/2020\/10\/Boissieres1613_1.jpg\"  alt=\"\" class=\"wp-image-479\" srcset=\"https:\/\/mvic.fr\/wp-content\/uploads\/2020\/10\/Boissieres1613_1.jpg 742w, https:\/\/mvic.fr\/wp-content\/uploads\/2020\/10\/Boissieres1613_1-300x171.jpg 300w, https:\/\/mvic.fr\/wp-content\/uploads\/2020\/10\/Boissieres1613_1-150x86.jpg 150w\" sizes=\"(max-width: 742px) 100vw, 742px\" \/><\/a><\/figure>\n\n\n\n<p class=\"has-text-align-right has-text-align-right margin-top-6\"><a href=\"http:\/\/brozer.fr\/telearchives\/#pk:\/29667\/RzI3NF8wODAuanBn\" target=\"_blank\" rel=\"noreferrer noopener\">Consulter sur T\u00e9l\u00e9archives &nbsp;<img loading=\"lazy\" decoding=\"async\" width=\"100\" height=\"21\" class=\"wp-image-95\" style=\"width: 100px;margin-bottom:5px;\" src=\"https:\/\/mvic.fr\/wp-content\/uploads\/2020\/09\/brozer_logo_100.png\" alt=\"\"><\/a><\/p>\n\n\n\n<p>L\u2019an mil six cens treize et le septiesme jour du mois de juing devant midy establi en personne Monseigneur Me Guilhaume DEBURGATA chanoine et <span class='tooltipsall tooltipsincontent classtoolTips11'>scindic<\/span> du Chapitre de l\u2019\u00e9glise cath\u00e9drale de Nymes, lequel ayant la pr\u00e9sence de Andr\u00e9 ROUX du lieu de Caveyrac l\u2019a somm\u00e9 et requis vouloir partir d\u00e8z aujourd\u2019huy et s\u2019en aler au lieu de Boyssi\u00e8res pour demeurer et servyr d\u2019ayrier \u00e0 l\u2019aire o\u00f9 seront mis les gerbes provenans du dixme des grains que se recuilheront la pr\u00e9sente saison au terroir dudit lieu de Boyssi\u00e8res apartenant ledit dixme au prieur\u00e9 dudit lieu estant de la table capitulaire dudit Chapitre, suyvant que ledit Chapitre l\u2019auroit lou\u00e9 pour ayrier \u00e0 l\u2019aire dudit dixme pour la pr\u00e9sente sayson aux gages de seize livres tournois mercredi dernier en la pr\u00e9sence de Sieur DUPAS son filz et autres sans dilayer plus d\u2019aultant qu\u2019on commance la cuilhete estant n\u00e9cessaire que ledit ayrier y soit desja.<\/p>\n\n\n\n<p>Lequel ROUX a dict qu\u2019il ne veult pas aler demeurer pour ayrier \u00e0 l\u2019aire du dixme audit lieu de Boyssi\u00e8res, toutesfois si ledit <span class='tooltipsall tooltipsincontent classtoolTips11'>scindic<\/span> le veult metre en autre dixme il y yra.<\/p>\n\n\n\n<p>Ledit sieur <span class='tooltipsall tooltipsincontent classtoolTips11'>scindic<\/span> a dict audit ROUX que s\u2019il ne veult aler audit lieu de Boyssi\u00e8res il fera apporter les gerbes dudit dixme en une aire dans le terroir du lieu de Bizac et le requiert aler demeurer pour ayrier \u00e0 l\u2019aire dudit dixme de Boyssi\u00e8res dans ledit terroir de Bizac.<\/p>\n\n\n\n<p>Ledit ROUX a dict aussi qu\u2019il ne veult pas aler pour ledit dixme de Boyssi\u00e8res et ledit Sieur <span class='tooltipsall tooltipsincontent classtoolTips11'>scindic<\/span> veu son refus et qu\u2019il se desdict de son loage l\u2019a requis en fornyr ung aultre \u00e0 sa place autrement en son refus proteste contre luy de sondit refus despens dommages et inth\u00e9restz que \u00e0 occasion de ce ledit Chapitre souffrira et d\u2019en avoir recouru que ledit ROUX et autrement de ce qu\u2019il peult de droict.<\/p>\n\n\n\n<p>Ledit ROUX a dict qu\u2019il n\u2019a poinct d\u2019hommes pour metre \u00e0 sa place. Faict audit Nymes audevant l\u2019arc de la tr\u00e9zorerie pour Adam AUDEMAR praticien et Bertrand GUIRAUD dudit Nymes sign\u00e9s avec ledit Sieur <span class='tooltipsall tooltipsincontent classtoolTips11'>scindic<\/span> ledit ROUX ne scachant signer et moy Fran\u00e7ois MENARD notaire royal dudit Nymes requis recepvant soubzsign\u00e9s. <\/p>\n\n\n\n<p>DEBURGATA <span class='tooltipsall tooltipsincontent classtoolTips11'>scindic<\/span> \/ AUDEMAR pr\u00e9sent<br>GUIRAUD pr\u00e9sent \/ MENARD notaire<\/p>\n\n\n<div class=\"wp-block-image\">\n<figure class=\"alignright size-large\"><a href=\"#rdoc1\"><img loading=\"lazy\" decoding=\"async\" width=\"24\" height=\"24\" src=\"https:\/\/mvic.fr\/wp-content\/uploads\/2020\/10\/up24.png\" alt=\"Retour en haut\" class=\"wp-image-544\"\/><\/a><\/figure><\/div>\n\n\n<hr class=\"wp-block-separator has-css-opacity\"\/>\n\n\n\n<p id=\"doc2\"><br><strong>Doc.2<\/strong><\/p>\n\n\n\n<p class=\"source\">Actes du Chapitre de l&rsquo;\u00e9glise cath\u00e9drale de N\u00eemes [AD du Gard G274 \/ liasse \/ ref.0101]<\/p>\n\n\n\n<p>1613 (suppos\u00e9)<br><strong>Acte de protestation contre noble Claude DE CALVI\u00c8RE<\/strong><br><br><\/p>\n\n\n\n<figure class=\"wp-block-image size-large\"><a href=\"https:\/\/mvic.fr\/wp-content\/uploads\/2020\/10\/Boissieres1613_2.jpg\" class=\"gallery_colorbox\"><img loading=\"lazy\" decoding=\"async\" width=\"978\" height=\"493\" src=\"https:\/\/mvic.fr\/wp-content\/uploads\/2020\/10\/Boissieres1613_2.jpg\"  alt=\"\" class=\"wp-image-483\" srcset=\"https:\/\/mvic.fr\/wp-content\/uploads\/2020\/10\/Boissieres1613_2.jpg 978w, https:\/\/mvic.fr\/wp-content\/uploads\/2020\/10\/Boissieres1613_2-300x151.jpg 300w, https:\/\/mvic.fr\/wp-content\/uploads\/2020\/10\/Boissieres1613_2-768x387.jpg 768w, https:\/\/mvic.fr\/wp-content\/uploads\/2020\/10\/Boissieres1613_2-150x76.jpg 150w\" sizes=\"(max-width: 978px) 100vw, 978px\" \/><\/a><\/figure>\n\n\n\n<p class=\"has-text-align-right has-text-align-right margin-top-6\"><a href=\"http:\/\/brozer.fr\/telearchives\/#pk:\/29667\/RzI3NF8xMDEuanBn\" target=\"_blank\" rel=\"noreferrer noopener\">Consulter sur T\u00e9l\u00e9archives &nbsp;<img loading=\"lazy\" decoding=\"async\" width=\"100\" height=\"21\" class=\"wp-image-95\" style=\"width: 100px;margin-bottom:5px;\" src=\"https:\/\/mvic.fr\/wp-content\/uploads\/2020\/09\/brozer_logo_100.png\" alt=\"\"><\/a> <\/p>\n\n\n\n<p> (incomplet, les renvois (#) ont \u00e9t\u00e9 r\u00e9int\u00e9gr\u00e9s)<\/p>\n\n\n\n<p>&#8230; terre sem\u00e9e de bled mescle cittu\u00e9e au terroir de Boissi\u00e8re au chemin de Calvisson tirant au pon de Bizac, il y a eu 2 charrettes gerbes n\u2019ayant rien eu du droict du dixme, l\u2019ayant demand\u00e9, nous remettent (promettant) le donner lors qu\u2019ilz feront lever non autrement #1 et apr\u00e8s dirent de l\u2019aler prandre \u00e0 l\u2019aire du chasteau, que payeront le droict du dixme \u00e0 coup de baston #2 et tout <span class='tooltipsall tooltipsincontent classtoolTips1'>incontinent<\/span> estent (estant) lev\u00e9 de l\u00e0 ont faict emporter.<\/p>\n\n\n\n<p>La terre jougnant celle de l\u2019aire de (la) <span class='tooltipsall tooltipsincontent classtoolTips4'>clastre<\/span> et ladite aire aussy estent sem\u00e9e de bled touzelle o\u00f9 il y a eu 3 charrettes gerbes de 2 mulles et n\u2019avons rien eu de ladite terre et aire aussy pour le droict du dixme que 27 gerbes le <span class='tooltipsall tooltip_post_id_custom_74454e1a40a8f9eb191ef8aedb44c639 classtoolTipsCustomShortCode' style='border-bottom:2px dotted #888;'>courriol<\/span><script type=\"text\/javascript\">jQuery(\"document\").ready(function(){ toolTips('.tooltip_post_id_custom_74454e1a40a8f9eb191ef8aedb44c639','courriol \\(occit\\.\\) \\= d\u00e9cimateur, celui qui pr\u00e9l\u00e8ve la d\u00eeme'); });<\/script> et charrieur estant dans ladite terre, le seigneur de Boissi\u00e8res avec le jeune BARTH\u00c9L\u00c9MY et le valet de chambre dudit seigneur apell\u00e9 AUBANEL ont donn\u00e9 la fuitte audits courriol et charieur les ayant suivy bien loing, les menassent luy couper bras et jambes s\u2019il entroint ny sourtoint en aulcune pocession dudit seigneur de Boissi\u00e8re.<\/p>\n\n\n<div class=\"wp-block-image\">\n<figure class=\"alignright size-large\"><a href=\"#rdoc2\"><img loading=\"lazy\" decoding=\"async\" width=\"24\" height=\"24\" src=\"https:\/\/mvic.fr\/wp-content\/uploads\/2020\/10\/up24.png\" alt=\"Retour en haut\" class=\"wp-image-544\"\/><\/a><\/figure><\/div>\n\n\n<hr class=\"wp-block-separator has-css-opacity\"\/>\n\n\n\n<p id=\"doc3\"><br><strong>Doc.3<\/strong><\/p>\n\n\n\n<p class=\"source\">Actes divers [Arch. comm. de Boissi\u00e8res \/ liasse]<\/p>\n\n\n\n<p>7 juin 1613<br><strong>Requ\u00eate du <span class='tooltipsall tooltipsincontent classtoolTips11'>syndic<\/span> du Chapitre de l&rsquo;\u00e9glise cath\u00e9drale de N\u00eemes \u00e0 la s\u00e9n\u00e9chauss\u00e9e de Beaucaire et N\u00eemes contre Claude DE CALVI\u00c8RE<\/strong><br><br><\/p>\n\n\n\n<figure class=\"wp-block-image size-large\"><a href=\"https:\/\/mvic.fr\/wp-content\/uploads\/2020\/10\/Boissieres1613_3.jpg\" class=\"gallery_colorbox\"><img loading=\"lazy\" decoding=\"async\" width=\"742\" height=\"447\" src=\"https:\/\/mvic.fr\/wp-content\/uploads\/2020\/10\/Boissieres1613_3.jpg\"  alt=\"\" class=\"wp-image-499\" srcset=\"https:\/\/mvic.fr\/wp-content\/uploads\/2020\/10\/Boissieres1613_3.jpg 742w, https:\/\/mvic.fr\/wp-content\/uploads\/2020\/10\/Boissieres1613_3-300x181.jpg 300w, https:\/\/mvic.fr\/wp-content\/uploads\/2020\/10\/Boissieres1613_3-150x90.jpg 150w\" sizes=\"(max-width: 742px) 100vw, 742px\" \/><\/a><\/figure>\n\n\n\n<p class=\"has-text-align-right has-text-align-right margin-top-6\"><a href=\"http:\/\/brozer.fr\/telearchives\/#pk:\/30222\/Q2FsdmllcmVfZGltZV8wMDIuanBn\" target=\"_blank\" rel=\"noreferrer noopener\">Consulter sur T\u00e9l\u00e9archives &nbsp;<img loading=\"lazy\" decoding=\"async\" width=\"100\" height=\"21\" class=\"wp-image-95\" style=\"width: 100px;margin-bottom:5px;\" src=\"https:\/\/mvic.fr\/wp-content\/uploads\/2020\/09\/brozer_logo_100.png\" alt=\"\"><\/a> <\/p>\n\n\n\n<p>Monsieur le s\u00e9n\u00e9chal de Beaucaire et Nymes ou son lieutenant criminel<\/p>\n\n\n\n<p>Supplie humblement le <span class='tooltipsall tooltipsincontent classtoolTips11'>scindic<\/span> de Chappitre de l&rsquo;\u00e9glize cath\u00e9dralle de Nymes que ils sont prieurs du b\u00e9n\u00e9fice de Boyssi\u00e8res et bien (qu&rsquo;ils) ne doibvent estre emp\u00each\u00e9s en la jouyssance des fruictz d\u00e9cimaulx et rente des droictz leur apartenans sy est ce que noble Claude DE CALVYERE sieur de St Cosme et dudict Boyssi\u00e8res auroit de son authorit\u00e9 prins les pastures qu&rsquo;auroient est\u00e9 commanc\u00e9es \u00e0 lever pour le droict dudict dixme et par inthimidation et menaces emp\u00eache qu&rsquo;on n&rsquo;a peu arranter ledict b\u00e9n\u00e9fice sy qu&rsquo;il ne se treuve aulcung pour lever les fruictz ny habitation pour eulx qui d\u00e9butoient estre employ\u00e9s \u00e0 la lev\u00e9e et mesme ayant lou\u00e9 ung ayrier par moyen desdictes inthimidations a reffuz\u00e9 d&rsquo;y aller offrant servir en toute aultre dixmerie en ladicte qualit\u00e9 d&rsquo;ayrier que sont notoire contrevenant aux esdictz de paciffication.<\/p>\n\n\n\n<p>Ce consid\u00e9r\u00e9 et car apert de partie du narr\u00e9 en la pr\u00e9sente requeste par les actes cy li\u00e9z, plaize vous ordonner que seront faictes inhibitions et deffences ausdicts sieur de Boyssi\u00e8res et tous aultres donner aulcung trouble directement ou indirectement audict suppliant en la lev\u00e9e desdicts fruictz d\u00e9cimaulx et jouyssance dudict prieur\u00e9 de Boyssi\u00e8res <span class='tooltipsall tooltipsincontent classtoolTips13'><span class='tooltipsall tooltipsincontent classtoolTips13'>ains<\/span><\/span> \u00e0 icelluy enjoindre de donner faveur et assistance ensemble \u00e0 ses officiers et consulz \u00e0 peyne de dix mil livres d&rsquo;amande \u00e0 ce que le suppliant jouysse paiziblement de sondict b\u00e9n\u00e9fice neanlmoingz qu&rsquo;il sera enquis des emp\u00eachementz et contreventions et \u00e0 ces fins commettre le premier des sieurs conseillers de la cour et pour s&rsquo;acheminer que le lieu faire bailher maison en payant au suppliant \u00e0 ce qu&rsquo;ilz ayent moyen de lever lesdictes dixmes et faire cesser tous emp\u00eachementz mettant en la protection du Roy et sa cour ceulx qui seront depput\u00e9s par ledict Chappitre et leur serviteurs pour la lev\u00e9e desdicts fruictz d\u00e9cimaulx et que le sieur procureur du Roy en vostre s\u00e9neschauss\u00e9e se joindre en ladicte instance aux fins que les esdictz de paciffication soient entretenus et faire en bien. DEBURGATA sindic <\/p>\n\n\n\n<p>Conssent aux inhibitions, injonctions et inquisitions requises et \u00e0 ces fins aussi pour l&rsquo;acheminer sur le lieu et pourveoir sur les aultres fins de la requeste estre commis l&rsquo;ung des sieurs conseiller et magistratz en la cour ce VIIe juing 1613. VALLETE<\/p>\n\n\n<div class=\"wp-block-image\">\n<figure class=\"alignright size-large\"><a href=\"#rdoc3\"><img loading=\"lazy\" decoding=\"async\" width=\"24\" height=\"24\" src=\"https:\/\/mvic.fr\/wp-content\/uploads\/2020\/10\/up24.png\" alt=\"Retour en haut\" class=\"wp-image-544\"\/><\/a><\/figure><\/div>\n\n\n<hr class=\"wp-block-separator has-css-opacity\"\/>\n\n\n\n<p id=\"doc4\"><br><strong>Doc.4<\/strong><\/p>\n\n\n\n<p class=\"source\">Actes divers [Arch. comm. de Boissi\u00e8res \/ liasse]<\/p>\n\n\n\n<p>8 juin 1613<br><strong>Injonction du s\u00e9n\u00e9chal de Beaucaire et N\u00eemes \u00e0 l&rsquo;encontre de Claude DE CALVI\u00c8RE, seigneur de St C\u00f4me et Boissi\u00e8res<\/strong><br><br><\/p>\n\n\n\n<figure class=\"wp-block-image size-large\"><a href=\"https:\/\/mvic.fr\/wp-content\/uploads\/2020\/10\/Boissieres1613_4.jpg\" class=\"gallery_colorbox\"><img loading=\"lazy\" decoding=\"async\" width=\"1024\" height=\"586\" src=\"https:\/\/mvic.fr\/wp-content\/uploads\/2020\/10\/Boissieres1613_4-1024x586.jpg\"  alt=\"\" class=\"wp-image-503\" srcset=\"https:\/\/mvic.fr\/wp-content\/uploads\/2020\/10\/Boissieres1613_4-1024x586.jpg 1024w, https:\/\/mvic.fr\/wp-content\/uploads\/2020\/10\/Boissieres1613_4-300x172.jpg 300w, https:\/\/mvic.fr\/wp-content\/uploads\/2020\/10\/Boissieres1613_4-768x440.jpg 768w, https:\/\/mvic.fr\/wp-content\/uploads\/2020\/10\/Boissieres1613_4-150x86.jpg 150w, https:\/\/mvic.fr\/wp-content\/uploads\/2020\/10\/Boissieres1613_4.jpg 1314w\" sizes=\"(max-width: 1024px) 100vw, 1024px\" \/><\/a><\/figure>\n\n\n\n<p class=\"has-text-align-right has-text-align-right margin-top-6\"><a rel=\"noreferrer noopener\" href=\"http:\/\/brozer.fr\/telearchives\/#pk:\/30222\/Q2FsdmllcmVfZGltZV8wMDEuanBn\" target=\"_blank\">Consulter sur T\u00e9l\u00e9archives &nbsp;<img loading=\"lazy\" decoding=\"async\" width=\"100\" height=\"21\" class=\"wp-image-95\" style=\"width: 100px;margin-bottom:5px;\" src=\"https:\/\/mvic.fr\/wp-content\/uploads\/2020\/09\/brozer_logo_100.png\" alt=\"\"><\/a> <\/p>\n\n\n\n<p>Jean De FAIN seigneur de Perault et Joannau baron de V\u00e9z\u00e9nobres chevalier de l\u2019ordre du Roy cappitaine de cinquante hommes d\u2019armes de ses ordonnances gouverneur de la Haulte Bresse s\u00e9n\u00e9chal de Beaucaire et Nymes au premier huissier ou sergent requis suyvant l\u2019appoinctement mis au pied de la requeste en attach\u00e9e \u00e0 nous pr\u00e9sent\u00e9e par le <span class='tooltipsall tooltipsincontent classtoolTips11'>scindic<\/span> du chappitre de l\u2019\u00e9glise cath\u00e9dralle de la pr\u00e9sente ville de Nymes prieur du b\u00e9n\u00e9fice de Boyssi\u00e8res et \u00e0 son instance te mandons et commandons par ces pr\u00e9sentes f\u00e8re inhibition et deffance \u00e0 Claude De CALVIERE seigneur dudit lieu de Boissi\u00e8res et St Cosme et \u00e0 tous autres qu\u2019il appartiendra de donner aulcung trouble directement ou indirectement audit <span class='tooltipsall tooltipsincontent classtoolTips11'>scindic<\/span> ses serviteurs et autres ayant de luy charge en la lev\u00e9e des fruictz d\u00e9cimaux et jouissance dudit prieur\u00e9 et b\u00e9n\u00e9fice de Boissi\u00e8res enjoignant audit seigneur de Boissi\u00e8res ensemble aux officiers et consulz dudit lieu de donner faveur et assistance audit <span class='tooltipsall tooltipsincontent classtoolTips11'>scindic<\/span> et autres de luy charg\u00e9 en la jouyssance paizible dudit b\u00e9n\u00e9fice sur peyne de dix mil livres d\u2019amande et neanmoingz mandons en commettant au premier des conseiller de notre cour et chacun d\u2019eulx requis et n\u00e9cessaires vous transporter et <span class='tooltipsall tooltipsincontent classtoolTips12'>illec<\/span> enquerir dilligement secrettement et bien des empeschemens et contrevenemens que sur ce ont est\u00e9 et seront faictes et fera cesser tout troubles et prouvoir au surplus des autres fins de la dite requeste comme veues \u00e0 f\u00e8re par raison en quoy faisant voulons \u00e0 vous estre obey. Donn\u00e9 \u00e0 Nymes le huictiesme jour de juin mil six cens tretze.<br>(Signature illisible&nbsp;: PEREAU&nbsp;?)<\/p>\n\n\n\n<p>Desdits requeste et appoinctement y le\u00fc et ainsy commis<br>ESCUDIER<\/p>\n\n\n<div class=\"wp-block-image\">\n<figure class=\"alignright size-large\"><a href=\"#rdoc4\"><img loading=\"lazy\" decoding=\"async\" width=\"24\" height=\"24\" src=\"https:\/\/mvic.fr\/wp-content\/uploads\/2020\/10\/up24.png\" alt=\"Retour en haut\" class=\"wp-image-544\"\/><\/a><\/figure><\/div>\n\n\n<hr class=\"wp-block-separator has-css-opacity\"\/>\n\n\n\n<div style=\"height:100px\" aria-hidden=\"true\" class=\"wp-block-spacer\"><\/div>\n<script type=\"text\/javascript\"> toolTips('.classtoolTips1','incontinent = aussit\u00f4t, d\u00e8s'); <\/script><script type=\"text\/javascript\"> toolTips('.classtoolTips4','<span class='tooltipsall tooltipsincontent classtoolTips4'>clastre<\/span> ou <span class='tooltipsall tooltipsincontent classtoolTips4'>claustre<\/span><br\/>1. Administration locale de l\\'Eglise<br\/>2. Peut d\u00e9signer la \"maison claustrale\" (presbyt\u00e8re)'); <\/script><script type=\"text\/javascript\"> toolTips('.classtoolTips5','La Vaunage = secteur g\u00e9ographique n\\'ayant aucune unit\u00e9 administrative entre Sommi\u00e8res et N\u00eemes regroupant historiquement 9 villages : Boissi\u00e8res, Calvisson, Caveirac, Clarensac, Cong\u00e9nies, Nages-et-Solorgues, St-C\u00f4me-et-Maru\u00e9jols et Saint-Dionisy.'); <\/script><script type=\"text\/javascript\"> toolTips('.classtoolTips11','<span class='tooltipsall tooltipsincontent classtoolTips11'>syndic<\/span> (<em>souvent \u00e9crit <span class='tooltipsall tooltipsincontent classtoolTips11'>scindic<\/span><\/em>) = personne repr\u00e9sentante d\\'une administration religieuse ou la\u00efque<br\/>Parfois \u00e9quivalent \u00e0 <em>consul<\/em>, repr\u00e9sentant \u00e9lu d\\'une communaut\u00e9 d\\'habitants'); <\/script><script type=\"text\/javascript\"> toolTips('.classtoolTips11','<span class='tooltipsall tooltipsincontent classtoolTips11'>syndic<\/span> (<em>souvent \u00e9crit <span class='tooltipsall tooltipsincontent classtoolTips11'>scindic<\/span><\/em>) = personne repr\u00e9sentante d\\'une administration religieuse ou la\u00efque<br\/>Parfois \u00e9quivalent \u00e0 <em>consul<\/em>, repr\u00e9sentant \u00e9lu d\\'une communaut\u00e9 d\\'habitants'); <\/script><script type=\"text\/javascript\"> toolTips('.classtoolTips12','illec = ici, en ce lieu'); <\/script><script type=\"text\/javascript\"> toolTips('.classtoolTips13','ains = mais, mais plut\u00f4t'); <\/script><script type=\"text\/javascript\"> toolTips('.classtoolTips13','ains = mais, mais plut\u00f4t'); <\/script><script type=\"text\/javascript\"> toolTips('.classtoolTips14','sive (latin) = ou (conjonction)'); <\/script>","protected":false},"excerpt":{"rendered":"<p>Pr\u00e9lever la d\u00eeme sur les terres d&rsquo;un seigneur protestant peut \u00eatre au p\u00e9ril de sa vie. La seigneurie de Boissi\u00e8res appartient \u00e0 la famille DE CALVI\u00c8RE depuis 1556. Claude, petit-fils de Nicolas &#8211; qui fit b\u00e2tir le ch\u00e2teau vers 1565 &#8211; n&rsquo;a pas la r\u00e9putation d&rsquo;\u00eat..<\/p>\n<div class=\"clear-fix\"><\/div>\n<p><a href=\"https:\/\/mvic.fr\/?p=464\" title=\"Lire la suite...\">Lire la suite<\/a><\/p>\n","protected":false},"author":1,"featured_media":0,"comment_status":"open","ping_status":"open","sticky":false,"template":"","format":"standard","meta":{"footnotes":""},"categories":[22,19],"tags":[],"post_folder":[47],"class_list":["post-464","post","type-post","status-publish","format-standard","hentry","category-30-boissieres","category-faits_divers"],"_links":{"self":[{"href":"https:\/\/mvic.fr\/index.php?rest_route=\/wp\/v2\/posts\/464"}],"collection":[{"href":"https:\/\/mvic.fr\/index.php?rest_route=\/wp\/v2\/posts"}],"about":[{"href":"https:\/\/mvic.fr\/index.php?rest_route=\/wp\/v2\/types\/post"}],"author":[{"embeddable":true,"href":"https:\/\/mvic.fr\/index.php?rest_route=\/wp\/v2\/users\/1"}],"replies":[{"embeddable":true,"href":"https:\/\/mvic.fr\/index.php?rest_route=%2Fwp%2Fv2%2Fcomments&post=464"}],"version-history":[{"count":19,"href":"https:\/\/mvic.fr\/index.php?rest_route=\/wp\/v2\/posts\/464\/revisions"}],"predecessor-version":[{"id":1354,"href":"https:\/\/mvic.fr\/index.php?rest_route=\/wp\/v2\/posts\/464\/revisions\/1354"}],"wp:attachment":[{"href":"https:\/\/mvic.fr\/index.php?rest_route=%2Fwp%2Fv2%2Fmedia&parent=464"}],"wp:term":[{"taxonomy":"category","embeddable":true,"href":"https:\/\/mvic.fr\/index.php?rest_route=%2Fwp%2Fv2%2Fcategories&post=464"},{"taxonomy":"post_tag","embeddable":true,"href":"https:\/\/mvic.fr\/index.php?rest_route=%2Fwp%2Fv2%2Ftags&post=464"},{"taxonomy":"post_folder","embeddable":true,"href":"https:\/\/mvic.fr\/index.php?rest_route=%2Fwp%2Fv2%2Fpost_folder&post=464"}],"curies":[{"name":"wp","href":"https:\/\/api.w.org\/{rel}","templated":true}]}}