{"id":552,"date":"2020-11-09T01:51:09","date_gmt":"2020-11-09T00:51:09","guid":{"rendered":"https:\/\/mvic.fr\/?p=552"},"modified":"2024-12-24T00:09:53","modified_gmt":"2024-12-23T23:09:53","slug":"1596-1617-le-manteau-gris-et-le-tampon-du-sergent-de-calvisson","status":"publish","type":"post","link":"https:\/\/mvic.fr\/?p=552","title":{"rendered":"1596-1627 Le manteau gris et le tampon du sergent de Calvisson"},"content":{"rendered":"\n<p><br>31 mars 1596<br><span class=\"titre1\">Un sergent dans la ville<\/span><\/p>\n\n\n\n<p id=\"rdoc1\"><br>Jacques BEGOU (nom francis\u00e9 en BEGUE) est \u00ab\u00a0pass\u00e9 sergent\u00a0\u00bb et propose ses services \u00e0 la communaut\u00e9 des habitants de Calvisson et \u00e0 leurs consuls pour \u00eatre trompette et valet. Il demande 10 livres pour ses gages, le droit des \u00ab\u00a0<span class='tooltipsall tooltip_post_id_custom_112a5ee628a089fe147bc117e3d72ac4 classtoolTipsCustomShortCode' style='border-bottom:2px dotted #888;'>incants<\/span><script type=\"text\/javascript\">jQuery(\"document\").ready(function(){ toolTips('.tooltip_post_id_custom_112a5ee628a089fe147bc117e3d72ac4','encan \\= ench\u00e8res publiques'); });<\/script>\u00a0\u00bb et d&rsquo;\u00eatre re\u00e7u comme habitant, ce qui n\u00e9cessite l&rsquo;approbation de l&rsquo;administration consulaire. Il souhaite \u00e9galement que la communaut\u00e9 lui fournisse un \u00ab\u00a0accoutrement\u00a0\u00bb et un manteau de drap gris. On lui octroie 6 livres de gage et on lui accorde qu&rsquo;il tire un suppl\u00e9ment de salaire du droit des incants. Son manteau ne lui sera d\u00e9livr\u00e9 qu&rsquo;apr\u00e8s 3 ans de service [<strong><a href=\"#doc1\">Doc.1<\/a><\/strong>].<\/p>\n\n\n\n<p id=\"rdoc2\">Il remplace ou suppl\u00e9e les valets Domenge POUJOL et Jean BATAILLE. Ce dernier est aussi <span class='tooltipsall tooltipsincontent classtoolTips2'>garde terre<\/span> (d\u00e9lib\u00e9rations pr\u00e9c\u00e9dentes). Les d\u00e9lib\u00e9rations suivantes pr\u00e9cisent que les consuls commandent \u00e0 Jacques BEGOU, install\u00e9 dans ses nouvelles fonctions, d&rsquo;appeler les conseillers pour tenir conseil [<strong><a href=\"#doc2\">Doc.2<\/a><\/strong>].<\/p>\n\n\n\n<p id=\"rdoc3\"><br>En 1590, la communaut\u00e9 d\u00e9plorait l&rsquo;absence de sergent. Il faut aller en qu\u00e9rir un \u00e0 Saint-Gilles qui accepte le poste ou est forc\u00e9 de le faire \u00e0 cause de certaines dettes. On apprend que son r\u00f4le \u00e9tait notamment de \u00ab\u00a0faire les <span class='tooltipsall tooltip_post_id_custom_6698577d3f6ca27ca930f837841b85af classtoolTipsCustomShortCode' style='border-bottom:2px dotted #888;'>cri\u00e9es<\/span><script type=\"text\/javascript\">jQuery(\"document\").ready(function(){ toolTips('.tooltip_post_id_custom_6698577d3f6ca27ca930f837841b85af','annonces publiques'); });<\/script>\u00a0\u00bb et d&rsquo;appeler les conseillers aux conseils g\u00e9n\u00e9raux des habitants, l&rsquo;\u00e9quivalent des conseils municipaux [<strong><a href=\"#doc3\">Doc.3<\/a><\/strong>]. On sait que pour cela, probablement en plus de la trompette, on sonnait la cloche (\u00ab\u00a0sonne la cloche par deux fois pour mieux appeler en g\u00e9n\u00e9ral au conseil\u00a0\u00bb, <a rel=\"noreferrer noopener\" href=\"https:\/\/brozer.fr\/telearchives\/#pk:\/33942\/QkIyXzQxMC5qcGc0\" target=\"_blank\">d\u00e9lib\u00e9ration du 8 nov. 1592<\/a>). Ces fonctions tiennent toutefois plus du valet que du sergent.<\/p>\n\n\n\n<p><br>Jacques BEGOU est sergent de la cour ordinaire de justice de Calvisson, premier niveau de justice dont le tribunal statue sur les petits litiges li\u00e9s \u00e0 la propri\u00e9t\u00e9, aux dettes, aux d\u00e9sordres, discordes et incivilit\u00e9s, aux d\u00e9g\u00e2ts caus\u00e9s par le b\u00e9tail, au non respect des r\u00e8gles de police, etc. Le sergent, policier municipal de l&rsquo;\u00e9poque, est charg\u00e9 des convocations et de la bonne tenue des audiences. Il est aussi l&rsquo;interm\u00e9diaire entre les diff\u00e9rentes cours de justice, l&rsquo;administration communale et la population locale. Il peut accompagner le collecteur d&rsquo;imp\u00f4t dans sa p\u00e9rilleuse t\u00e2che (\u00ab\u00a0Les syndics seront tenus de fournir \u00e0 leurs frais un sergent ordinaire au collecteur pour  faire payer les deniers\u00a0\u00bb &#8211; Cong\u00e9nies, 1540 \/ <a rel=\"noreferrer noopener\" href=\"https:\/\/brozer.fr\/telearchives\/#pk:\/28769\/MkUyMi-xXzA4My5qcGc0\" target=\"_blank\">AD30 2E22-1 \/ folio 64 v\u00b0<\/a>).<\/p>\n\n\n\n<p id=\"rdoc4\"><br>1617-1627<br><span class=\"titre1\">Le tampon du sergent<\/span><\/p>\n\n\n\n<p>20 ans plus tard, lors d&rsquo;une de ses missions, cette fois-ci pour la communaut\u00e9 de Boissi\u00e8res, notre sergent d\u00e9livre une <span class='tooltipsall tooltip_post_id_custom_58efe9a5a3b59f95442eedb55bbffffc classtoolTipsCustomShortCode' style='border-bottom:2px dotted #888;'>intimation<\/span><script type=\"text\/javascript\">jQuery(\"document\").ready(function(){ toolTips('.tooltip_post_id_custom_58efe9a5a3b59f95442eedb55bbffffc','mise en demeure'); });<\/script> au repr\u00e9sentant de l&rsquo;\u00e9glise cath\u00e9drale de N\u00eemes sur fond de conflit catholiques-protestants. On d\u00e9couvre dans l&rsquo;annotation inscrite \u00e0 cette occasion qu&rsquo;il ne signe pas mais utilise un &#8230; tampon [<strong><a href=\"#doc4\">Doc.4<\/a><\/strong>] ! <\/p>\n\n\n<div class=\"wp-block-image\">\n<figure class=\"aligncenter size-large\"><img loading=\"lazy\" decoding=\"async\" width=\"221\" height=\"113\" src=\"https:\/\/mvic.fr\/wp-content\/uploads\/2020\/11\/Calvisson_sergent_tamp.jpg\" alt=\"\" class=\"wp-image-569\" srcset=\"https:\/\/mvic.fr\/wp-content\/uploads\/2020\/11\/Calvisson_sergent_tamp.jpg 221w, https:\/\/mvic.fr\/wp-content\/uploads\/2020\/11\/Calvisson_sergent_tamp-150x77.jpg 150w\" sizes=\"(max-width: 221px) 100vw, 221px\" \/><figcaption class=\"wp-element-caption\">Tampon J. BEGOU 1617<\/figcaption><\/figure><\/div>\n\n\n<p>Encore 10 ans plus tard, en 1627, le m\u00eame tampon est toujours en service (AD30 &#8211; E DEPOT 14 101 \/ liasse). Il parait peu probable qu&rsquo;il fut en bois. Le sergent utilisait l&rsquo;encre du scribe avec laquelle il devait badigeonner sa marque avant de l&rsquo;appliquer sur le document.<\/p>\n\n\n<div class=\"wp-block-image\">\n<figure class=\"aligncenter size-large\"><img loading=\"lazy\" decoding=\"async\" width=\"400\" height=\"218\" src=\"https:\/\/mvic.fr\/wp-content\/uploads\/2021\/03\/Calvisson_sergent_tamp1.jpg\" alt=\"\" class=\"wp-image-1126\" srcset=\"https:\/\/mvic.fr\/wp-content\/uploads\/2021\/03\/Calvisson_sergent_tamp1.jpg 400w, https:\/\/mvic.fr\/wp-content\/uploads\/2021\/03\/Calvisson_sergent_tamp1-300x164.jpg 300w, https:\/\/mvic.fr\/wp-content\/uploads\/2021\/03\/Calvisson_sergent_tamp1-150x82.jpg 150w\" sizes=\"(max-width: 400px) 100vw, 400px\" \/><\/figure><\/div>\n\n<div class=\"wp-block-image is-resized\">\n<figure class=\"aligncenter size-large\"><img loading=\"lazy\" decoding=\"async\" width=\"400\" height=\"176\" src=\"https:\/\/mvic.fr\/wp-content\/uploads\/2020\/11\/Calvisson_sergent_tamp1b.jpg\" alt=\"\" class=\"wp-image-1131\" srcset=\"https:\/\/mvic.fr\/wp-content\/uploads\/2020\/11\/Calvisson_sergent_tamp1b.jpg 400w, https:\/\/mvic.fr\/wp-content\/uploads\/2020\/11\/Calvisson_sergent_tamp1b-300x132.jpg 300w, https:\/\/mvic.fr\/wp-content\/uploads\/2020\/11\/Calvisson_sergent_tamp1b-150x66.jpg 150w\" sizes=\"(max-width: 400px) 100vw, 400px\" \/><figcaption class=\"wp-element-caption\">2 tampons J. BEGOU 1627<\/figcaption><\/figure><\/div>\n\n\n<p>Les textes sont r\u00e9dig\u00e9s \u00e0 la premi\u00e8re personne par un greffier. De toute \u00e9vidence, Jacques BEGOU ne savait pas \u00e9crire. A la r\u00e9daction de son testament (AD30 2E22-584 f\u00b0168), le 18 mai 1629, sa signature \u00e0 la plume est une mauvaise imitation du tampon qu&rsquo;il appose habituellement au bas des documents, il ne parvient pas \u00e0 dessiner correctement la lettre G. Pourtant, la similitude entre les deux versions, tamponn\u00e9e et manuscrite, sugg\u00e8re qu&rsquo;il a un mod\u00e8le.<\/p>\n\n\n<div class=\"wp-block-image is-resized\">\n<figure class=\"aligncenter size-large\"><img loading=\"lazy\" decoding=\"async\" width=\"292\" height=\"90\" src=\"https:\/\/mvic.fr\/wp-content\/uploads\/2021\/03\/Calvisson_sergent_5.jpg\" alt=\"\" class=\"wp-image-1121\" srcset=\"https:\/\/mvic.fr\/wp-content\/uploads\/2021\/03\/Calvisson_sergent_5.jpg 292w, https:\/\/mvic.fr\/wp-content\/uploads\/2021\/03\/Calvisson_sergent_5-150x46.jpg 150w\" sizes=\"(max-width: 292px) 100vw, 292px\" \/><figcaption class=\"wp-element-caption\">Signature J. BEGOU 1629<\/figcaption><\/figure><\/div>\n\n\n<p>Jacques BEGOU, sergent ordinaire de Calvisson, s&rsquo;est mari\u00e9 une premi\u00e8re fois avec Magdeleine CANONGE dont ils ont eu une fille, Isabeau. Il a ensuite \u00e9pous\u00e9 Isabeau BONNET qui a donn\u00e9 naissance \u00e0 Jean et Jeanne puis il s&rsquo;est mari\u00e9 une troisi\u00e8me fois en 1623 avec Isabeau DAUFESC. En 1629, le couple a une autre fille nomm\u00e9e Jeanne.<br>Bernard GRANIER, sergent ordinaire de N\u00eemes, est son cousin. Utiliserait-il lui aussi un tampon ?<\/p>\n\n\n\n<p>Le cas ne semble pas si rare \u00e0 cette \u00e9poque, en voici des exemples. Les auteurs exer\u00e7aient presque tous les m\u00eames fonctions que Jacques BEGOU.<\/p>\n\n\n\n<p>Pierre BELET, sergent et trompette \u00e0 Al\u00e8s en 1617 (AC Sommi\u00e8res DD14)<\/p>\n\n\n<div class=\"wp-block-image\">\n<figure class=\"aligncenter size-large\"><img loading=\"lazy\" decoding=\"async\" width=\"330\" height=\"200\" src=\"https:\/\/mvic.fr\/wp-content\/uploads\/2021\/12\/Calvisson_sergent_tamp4.jpg\" alt=\"\" class=\"wp-image-1205\" srcset=\"https:\/\/mvic.fr\/wp-content\/uploads\/2021\/12\/Calvisson_sergent_tamp4.jpg 330w, https:\/\/mvic.fr\/wp-content\/uploads\/2021\/12\/Calvisson_sergent_tamp4-300x182.jpg 300w, https:\/\/mvic.fr\/wp-content\/uploads\/2021\/12\/Calvisson_sergent_tamp4-150x91.jpg 150w\" sizes=\"(max-width: 330px) 100vw, 330px\" \/><\/figure><\/div>\n\n\n<p><br>Guillaume BENIQUE, trompette et crieur public au Vigan en 1617 (ibid.)<\/p>\n\n\n<div class=\"wp-block-image\">\n<figure class=\"aligncenter size-large\"><img loading=\"lazy\" decoding=\"async\" width=\"330\" height=\"188\" src=\"https:\/\/mvic.fr\/wp-content\/uploads\/2021\/12\/Calvisson_sergent_tamp6-2.jpg\" alt=\"\" class=\"wp-image-1209\" srcset=\"https:\/\/mvic.fr\/wp-content\/uploads\/2021\/12\/Calvisson_sergent_tamp6-2.jpg 330w, https:\/\/mvic.fr\/wp-content\/uploads\/2021\/12\/Calvisson_sergent_tamp6-2-300x171.jpg 300w, https:\/\/mvic.fr\/wp-content\/uploads\/2021\/12\/Calvisson_sergent_tamp6-2-150x85.jpg 150w\" sizes=\"(max-width: 330px) 100vw, 330px\" \/><\/figure><\/div>\n\n\n<p><br>Pierre MARRE, sergent et trompette \u00e0 Marsillargues en 1617 (ibid.)<\/p>\n\n\n<div class=\"wp-block-image\">\n<figure class=\"aligncenter size-large\"><img loading=\"lazy\" decoding=\"async\" width=\"328\" height=\"182\" src=\"https:\/\/mvic.fr\/wp-content\/uploads\/2021\/12\/Calvisson_sergent_tamp5-1.jpg\" alt=\"\" class=\"wp-image-1207\" srcset=\"https:\/\/mvic.fr\/wp-content\/uploads\/2021\/12\/Calvisson_sergent_tamp5-1.jpg 328w, https:\/\/mvic.fr\/wp-content\/uploads\/2021\/12\/Calvisson_sergent_tamp5-1-300x166.jpg 300w, https:\/\/mvic.fr\/wp-content\/uploads\/2021\/12\/Calvisson_sergent_tamp5-1-150x83.jpg 150w\" sizes=\"(max-width: 328px) 100vw, 328px\" \/><\/figure><\/div>\n\n\n<p><br><br>Pierre VIDAL, sergent et trompette public de Lunel en 1625 (AC Sommi\u00e8res CC263)<\/p>\n\n\n<div class=\"wp-block-image\">\n<figure class=\"aligncenter size-large\"><img loading=\"lazy\" decoding=\"async\" width=\"330\" height=\"166\" src=\"https:\/\/mvic.fr\/wp-content\/uploads\/2021\/12\/Calvisson_sergent_tamp3.jpg\" alt=\"\" class=\"wp-image-1203\" srcset=\"https:\/\/mvic.fr\/wp-content\/uploads\/2021\/12\/Calvisson_sergent_tamp3.jpg 330w, https:\/\/mvic.fr\/wp-content\/uploads\/2021\/12\/Calvisson_sergent_tamp3-300x151.jpg 300w, https:\/\/mvic.fr\/wp-content\/uploads\/2021\/12\/Calvisson_sergent_tamp3-150x75.jpg 150w\" sizes=\"(max-width: 330px) 100vw, 330px\" \/><\/figure><\/div>\n\n\n<p><br>Antoine POURTON, \u00e9galement de Calvisson, dans un acte pass\u00e9 au Cailar en 1648 (<a href=\"https:\/\/brozer.fr\/telearchives\/#pk:\/26561\/SU1BR18wMjgzLmpwZw00\" target=\"_blank\" rel=\"noreferrer noopener\">AD30 2E75-150 \/ folio 234 v\u00b0<\/a>).<\/p>\n\n\n<div class=\"wp-block-image\">\n<figure class=\"aligncenter size-large\"><img loading=\"lazy\" decoding=\"async\" width=\"330\" height=\"166\" src=\"https:\/\/mvic.fr\/wp-content\/uploads\/2021\/12\/Calvisson_sergent_tamp2-1.jpg\" alt=\"\" class=\"wp-image-1210\" srcset=\"https:\/\/mvic.fr\/wp-content\/uploads\/2021\/12\/Calvisson_sergent_tamp2-1.jpg 330w, https:\/\/mvic.fr\/wp-content\/uploads\/2021\/12\/Calvisson_sergent_tamp2-1-300x151.jpg 300w, https:\/\/mvic.fr\/wp-content\/uploads\/2021\/12\/Calvisson_sergent_tamp2-1-150x75.jpg 150w\" sizes=\"(max-width: 330px) 100vw, 330px\" \/><\/figure><\/div>\n\n\n<p><br>Antoine BENEZET, sergent ordinaire d&rsquo;Aimargues en 1631 (AD30-E d\u00e9p\u00f4t 2 456)<\/p>\n\n\n<div class=\"wp-block-image\">\n<figure class=\"aligncenter size-large\"><img loading=\"lazy\" decoding=\"async\" width=\"330\" height=\"173\" src=\"https:\/\/mvic.fr\/wp-content\/uploads\/2022\/08\/Calvisson_sergent_tamp7.jpg\" alt=\"\" class=\"wp-image-1220\" srcset=\"https:\/\/mvic.fr\/wp-content\/uploads\/2022\/08\/Calvisson_sergent_tamp7.jpg 330w, https:\/\/mvic.fr\/wp-content\/uploads\/2022\/08\/Calvisson_sergent_tamp7-300x157.jpg 300w, https:\/\/mvic.fr\/wp-content\/uploads\/2022\/08\/Calvisson_sergent_tamp7-150x79.jpg 150w\" sizes=\"(max-width: 330px) 100vw, 330px\" \/><\/figure><\/div>\n\n\n<p>Honnorat MANVILLE, archer de la pr\u00e9v\u00f4t\u00e9 du Languedoc en 1657 (AM Sommi\u00e8res &#8211; CC312)<\/p>\n\n\n<div class=\"wp-block-image\">\n<figure class=\"aligncenter size-full\"><img loading=\"lazy\" decoding=\"async\" width=\"330\" height=\"163\" src=\"https:\/\/mvic.fr\/wp-content\/uploads\/2020\/11\/tampon_sommieres_1657.jpg\" alt=\"\" class=\"wp-image-1369\" srcset=\"https:\/\/mvic.fr\/wp-content\/uploads\/2020\/11\/tampon_sommieres_1657.jpg 330w, https:\/\/mvic.fr\/wp-content\/uploads\/2020\/11\/tampon_sommieres_1657-300x148.jpg 300w, https:\/\/mvic.fr\/wp-content\/uploads\/2020\/11\/tampon_sommieres_1657-150x74.jpg 150w\" sizes=\"(max-width: 330px) 100vw, 330px\" \/><\/figure><\/div>\n\n\n<div style=\"height:80px\" aria-hidden=\"true\" class=\"wp-block-spacer\"><\/div>\n\n\n\n<h4 class=\"wp-block-heading gris\">Documents source et transcriptions<\/h4>\n\n\n\n<hr class=\"wp-block-separator has-css-opacity\"\/>\n\n\n\n<p id=\"doc1\"><br><strong>Doc.1<\/strong><\/p>\n\n\n\n<p class=\"source\">Registre des d\u00e9lib\u00e9rations des consuls de Calvisson [AD du Gard : E D\u00e9p\u00f4t 14 5 (BB3) \/ non foliot\u00e9 \/ ref.0054]<\/p>\n\n\n\n<p>31 mars 1596<br><strong>Demande de Jacques BEGUE pour \u00eatre trompette et valet de la communaut\u00e9<\/strong><br><br><\/p>\n\n\n\n<figure class=\"wp-block-image size-large\"><a href=\"https:\/\/mvic.fr\/wp-content\/uploads\/2020\/11\/Calvisson_sergent_1.jpg\" class=\"gallery_colorbox\"><img loading=\"lazy\" decoding=\"async\" width=\"920\" height=\"510\" src=\"https:\/\/mvic.fr\/wp-content\/uploads\/2020\/11\/Calvisson_sergent_1.jpg\"  alt=\"\" class=\"wp-image-574\" srcset=\"https:\/\/mvic.fr\/wp-content\/uploads\/2020\/11\/Calvisson_sergent_1.jpg 920w, https:\/\/mvic.fr\/wp-content\/uploads\/2020\/11\/Calvisson_sergent_1-300x166.jpg 300w, https:\/\/mvic.fr\/wp-content\/uploads\/2020\/11\/Calvisson_sergent_1-768x426.jpg 768w, https:\/\/mvic.fr\/wp-content\/uploads\/2020\/11\/Calvisson_sergent_1-150x83.jpg 150w\" sizes=\"(max-width: 920px) 100vw, 920px\" \/><\/a><\/figure>\n\n\n\n<p class=\"has-text-align-right has-text-align-right margin-top-6\"><a href=\"https:\/\/brozer.fr\/telearchives\/#pk:\/49427\/QkIzXzA1NC5qcGc0\" target=\"_blank\" rel=\"noreferrer noopener\">Consulter sur T\u00e9l\u00e9archives &nbsp;<img loading=\"lazy\" decoding=\"async\" width=\"100\" height=\"21\" class=\"wp-image-95\" style=\"width: 100px;margin-bottom:5px;\" src=\"https:\/\/mvic.fr\/wp-content\/uploads\/2020\/09\/brozer_logo_100.png\" alt=\"\"><\/a> <\/p>\n\n\n\n<p>De Jaques BEGUE<\/p>\n\n\n\n<p>Item plus a remonstr\u00e9 le dict BENEZET conseul comme le dict BEGUE est pass\u00e9 sergent lequel se pr\u00e9sante pour estre trompette et pour estre varlet des conseulx si on luy veut donner dix livres en argent et les droictz des inquantz et le passer pour habitant et qu&rsquo;on luy fera ung acoustrement et ung mantel de drap gris de trois en trois ans.<\/p>\n\n\n\n<p>Arrest\u00e9 et conclud qu si le dict BEGUE veut servir il aura pour ses gages six livres, les droictz des incantz lesquels incantz messieurs les conseulx feront crier qui les vouldra arrenter, lequel pris qui proviendra du dict arrentement le dict BEGUE tirera pour ses gages et quand il aura servy trois ans il aura aussy ung mantel.<\/p>\n\n\n<div class=\"wp-block-image\">\n<figure class=\"alignright size-large\"><a href=\"#rdoc1\"><img loading=\"lazy\" decoding=\"async\" width=\"24\" height=\"24\" src=\"https:\/\/mvic.fr\/wp-content\/uploads\/2020\/10\/up24.png\" alt=\"Retour en haut\" class=\"wp-image-544\"\/><\/a><\/figure><\/div>\n\n\n<hr class=\"wp-block-separator has-css-opacity\"\/>\n\n\n\n<p id=\"doc2\"><br><strong>Doc.2<\/strong><\/p>\n\n\n\n<p class=\"source\">Registre des d\u00e9lib\u00e9rations des consuls de Calvisson [AD du Gard : E D\u00e9p\u00f4t 14 5 (BB3) \/ non foliot\u00e9 \/ ref.0117]<\/p>\n\n\n\n<p>10 novembre 1596<br><strong>D\u00e9but d&rsquo;une d\u00e9lib\u00e9ration standard<\/strong><br><br><\/p>\n\n\n\n<figure class=\"wp-block-image size-large\"><a href=\"https:\/\/mvic.fr\/wp-content\/uploads\/2020\/11\/Calvisson_sergent_2.jpg\" class=\"gallery_colorbox\"><img loading=\"lazy\" decoding=\"async\" width=\"840\" height=\"533\" src=\"https:\/\/mvic.fr\/wp-content\/uploads\/2020\/11\/Calvisson_sergent_2.jpg\"  alt=\"\" class=\"wp-image-575\" srcset=\"https:\/\/mvic.fr\/wp-content\/uploads\/2020\/11\/Calvisson_sergent_2.jpg 840w, https:\/\/mvic.fr\/wp-content\/uploads\/2020\/11\/Calvisson_sergent_2-300x190.jpg 300w, https:\/\/mvic.fr\/wp-content\/uploads\/2020\/11\/Calvisson_sergent_2-768x487.jpg 768w, https:\/\/mvic.fr\/wp-content\/uploads\/2020\/11\/Calvisson_sergent_2-150x95.jpg 150w\" sizes=\"(max-width: 840px) 100vw, 840px\" \/><\/a><\/figure>\n\n\n\n<p class=\"has-text-align-right has-text-align-right margin-top-6\"><a href=\"https:\/\/brozer.fr\/telearchives\/#pk:\/49427\/QkIzXzExNy5qcGc0\" target=\"_blank\" rel=\"noreferrer noopener\">Consulter sur T\u00e9l\u00e9archives &nbsp;<img loading=\"lazy\" decoding=\"async\" width=\"100\" height=\"21\" class=\"wp-image-95\" style=\"width: 100px;margin-bottom:5px;\" src=\"https:\/\/mvic.fr\/wp-content\/uploads\/2020\/09\/brozer_logo_100.png\" alt=\"\"><\/a> <\/p>\n\n\n\n<p>L&rsquo;an mil cinq cens norante six et le dimanche 10<sup>e<\/sup> jour du moys de nouvembre et du mandement de sire Pierre CARRYEU et de Jehan BENEZET conseulx lesquels auroyent command\u00e9 \u00e0 Jaques BEGUE varlet des dictz conseulx de appeler tous les conseillers et les faire venir aujourd&rsquo;huy apr\u00e8s midy dans la maison commune de la ville, maison consulaire pour <span class='tooltipsall tooltipsincontent classtoolTips12'>illec<\/span> estant assambl\u00e9z tenir conseil des affaires de la communaut\u00e9 que se pr\u00e9santent aujourd&rsquo;huy, ce que le dict BEGUE a faict comme il a dict et aferm\u00e9 &#8230;<br><\/p>\n\n\n<div class=\"wp-block-image\">\n<figure class=\"alignright size-large\"><a href=\"#rdoc2\"><img loading=\"lazy\" decoding=\"async\" width=\"24\" height=\"24\" src=\"https:\/\/mvic.fr\/wp-content\/uploads\/2020\/10\/up24.png\" alt=\"Retour en haut\" class=\"wp-image-544\"\/><\/a><\/figure><\/div>\n\n\n<hr class=\"wp-block-separator has-css-opacity\"\/>\n\n\n\n<p id=\"doc3\"><br><strong>Doc.3<\/strong><\/p>\n\n\n\n<p class=\"source\">Registre des d\u00e9lib\u00e9rations des consuls de Calvisson [AD du Gard : E D\u00e9p\u00f4t 14 4 (BB2) \/ non foliot\u00e9 \/ ref.0047]<\/p>\n\n\n\n<p>8 juin 1590<br><strong>On recherche un sergent<\/strong><br><br><\/p>\n\n\n\n<figure class=\"wp-block-image size-large\"><a href=\"https:\/\/mvic.fr\/wp-content\/uploads\/2020\/11\/Calvisson_sergent_3.jpg\" class=\"gallery_colorbox\"><img loading=\"lazy\" decoding=\"async\" width=\"870\" height=\"501\" src=\"https:\/\/mvic.fr\/wp-content\/uploads\/2020\/11\/Calvisson_sergent_3.jpg\"  alt=\"\" class=\"wp-image-576\" srcset=\"https:\/\/mvic.fr\/wp-content\/uploads\/2020\/11\/Calvisson_sergent_3.jpg 870w, https:\/\/mvic.fr\/wp-content\/uploads\/2020\/11\/Calvisson_sergent_3-300x173.jpg 300w, https:\/\/mvic.fr\/wp-content\/uploads\/2020\/11\/Calvisson_sergent_3-768x442.jpg 768w, https:\/\/mvic.fr\/wp-content\/uploads\/2020\/11\/Calvisson_sergent_3-150x86.jpg 150w\" sizes=\"(max-width: 870px) 100vw, 870px\" \/><\/a><\/figure>\n\n\n\n<p class=\"has-text-align-right has-text-align-right margin-top-6\"><a href=\"https:\/\/brozer.fr\/telearchives\/#pk:\/33942\/QkIyXzA-Ny5qcGc0\" target=\"_blank\" rel=\"noreferrer noopener\">Consulter sur T\u00e9l\u00e9archives &nbsp;<img loading=\"lazy\" decoding=\"async\" width=\"100\" height=\"21\" class=\"wp-image-95\" style=\"width: 100px;margin-bottom:5px;\" src=\"https:\/\/mvic.fr\/wp-content\/uploads\/2020\/09\/brozer_logo_100.png\" alt=\"\"><\/a> <\/p>\n\n\n\n<p>Item plus a est\u00e9 pr\u00e9pos\u00e9 par le dict conseul VALETE disant qu&rsquo;il n&rsquo;y a point de sergeant en ce lieu que vueille servir les conseulx comme quand ils veulent faire faire de cry\u00e9s et de mander les conseils et \u00e0 ces fins il auroit envoy\u00e9 qu\u00e9rir Pons MERIGNARGUES \u00e0 Sainct Gillis pour voir s&rsquo;il veut servir, ce que le dict MERIGNARGUES seroit venu et a promis de servir les dictz conseulx vray est qu&rsquo;il doit quelque argent \u00e0 Jacques SAURIN et demande sy la ville vouldroit payer pour luy.<\/p>\n\n\n\n<p>A est\u00e9 arrest\u00e9 et conclud que la ville payera pour luy ceste argent qu&rsquo;il doit au dict Jacques SAURIN<\/p>\n\n\n<div class=\"wp-block-image\">\n<figure class=\"alignright size-large\"><a href=\"#rdoc3\"><img loading=\"lazy\" decoding=\"async\" width=\"24\" height=\"24\" src=\"https:\/\/mvic.fr\/wp-content\/uploads\/2020\/10\/up24.png\" alt=\"Retour en haut\" class=\"wp-image-544\"\/><\/a><\/figure><\/div>\n\n\n<hr class=\"wp-block-separator has-css-opacity\"\/>\n\n\n\n<p id=\"doc4\"><br><strong>Doc.4<\/strong><\/p>\n\n\n\n<p class=\"source\">Archives du Chapitre de l&rsquo;\u00e9glise cath\u00e9drale de N\u00eemes [AD du Gard G274 \/ liasse \/ ref.0027]<\/p>\n\n\n\n<p>1617<br><strong>Attestation de mise en demeure tamponn\u00e9e<\/strong><br><br><\/p>\n\n\n\n<figure class=\"wp-block-image size-large\"><a href=\"https:\/\/mvic.fr\/wp-content\/uploads\/2020\/11\/Calvisson_sergent_4.jpg\" class=\"gallery_colorbox\"><img loading=\"lazy\" decoding=\"async\" width=\"950\" height=\"626\" src=\"https:\/\/mvic.fr\/wp-content\/uploads\/2020\/11\/Calvisson_sergent_4.jpg\"  alt=\"\" class=\"wp-image-564\" srcset=\"https:\/\/mvic.fr\/wp-content\/uploads\/2020\/11\/Calvisson_sergent_4.jpg 950w, https:\/\/mvic.fr\/wp-content\/uploads\/2020\/11\/Calvisson_sergent_4-300x198.jpg 300w, https:\/\/mvic.fr\/wp-content\/uploads\/2020\/11\/Calvisson_sergent_4-768x506.jpg 768w, https:\/\/mvic.fr\/wp-content\/uploads\/2020\/11\/Calvisson_sergent_4-150x99.jpg 150w\" sizes=\"(max-width: 950px) 100vw, 950px\" \/><\/a><\/figure>\n\n\n\n<p class=\"has-text-align-right has-text-align-right margin-top-6\"><a href=\"https:\/\/brozer.fr\/telearchives\/#pk:\/29667\/RzI3NF8wMjYuanBn\" target=\"_blank\" rel=\"noreferrer noopener\">Consulter sur T\u00e9l\u00e9archives &nbsp;<img loading=\"lazy\" decoding=\"async\" width=\"100\" height=\"21\" class=\"wp-image-95\" style=\"width: 100px;margin-bottom:5px;\" src=\"https:\/\/mvic.fr\/wp-content\/uploads\/2020\/09\/brozer_logo_100.png\" alt=\"\"><\/a> <\/p>\n\n\n\n<p>L&rsquo;an que dessus (1617) et le segond jour du mois de mars appr\u00e8s midy, certiffie je Jacques BEGOU sergent ordinaire de Calvisson soubzsign\u00e9 qu&rsquo;en vertu et \u00e0 la requeste sy atach\u00e9e et inthim\u00e9 au sindictz du chappitre de Nismes parlant \u00e0 Monsieur Henry SIBOUR prebtre treuv\u00e9 dans le lieu de Calvisson lui ay faict les hinibission et deffances de ne passer plus oultre \u00e0 peyne de cinq cens livres et neanmoingz les ay assign\u00e9s au huitest jour appr\u00e8s mon dit pr\u00e9sant exploict \u00e0 la court donc ma comission deffaut de laquelle et de mon pr\u00e9sent exploict lui ay bailh\u00e9 coppye pr\u00e9santz les nom\u00e9s en mon original et moy soubzsign\u00e9<\/p>\n\n\n\n<p class=\"has-text-align-right\">I.BEGOV<\/p>\n\n\n<div class=\"wp-block-image\">\n<figure class=\"alignright size-large\"><a href=\"#rdoc4\"><img loading=\"lazy\" decoding=\"async\" width=\"24\" height=\"24\" src=\"https:\/\/mvic.fr\/wp-content\/uploads\/2020\/10\/up24.png\" alt=\"Retour en haut\" class=\"wp-image-544\"\/><\/a><\/figure><\/div>\n\n\n<hr class=\"wp-block-separator has-css-opacity\"\/>\n\n\n\n<div style=\"height:100px\" aria-hidden=\"true\" class=\"wp-block-spacer\"><\/div>\n<script type=\"text\/javascript\"> toolTips('.classtoolTips2','garde terre (\u00e9quivalent du garde champ\u00eatre) = employ\u00e9 communal ou au service d\\'un seigneur, il surveille et prot\u00e8ge le domaine rural notamment contre le vol des fruits et des r\u00e9coltes, les saccages, les incursions et les usurpations de propri\u00e9t\u00e9'); <\/script><script type=\"text\/javascript\"> toolTips('.classtoolTips11','<span class='tooltipsall tooltipsincontent classtoolTips11'>syndic<\/span> (<em>souvent \u00e9crit <span class='tooltipsall tooltipsincontent classtoolTips11'>scindic<\/span><\/em>) = personne repr\u00e9sentante d\\'une administration religieuse ou la\u00efque<br\/>Parfois \u00e9quivalent \u00e0 <em>consul<\/em>, repr\u00e9sentant \u00e9lu d\\'une communaut\u00e9 d\\'habitants'); <\/script><script type=\"text\/javascript\"> toolTips('.classtoolTips12','illec = ici, en ce lieu'); <\/script>","protected":false},"excerpt":{"rendered":"<p>Jacques BEGOU est pass\u00e9 sergent et propose ses services \u00e0 la communaut\u00e9 des habitants de Calvisson et \u00e0 leurs consuls pour \u00eatre trompette..<\/p>\n<div class=\"clear-fix\"><\/div>\n<p><a href=\"https:\/\/mvic.fr\/?p=552\" title=\"Lire la suite...\">Lire la suite<\/a><\/p>\n","protected":false},"author":1,"featured_media":569,"comment_status":"open","ping_status":"open","sticky":false,"template":"","format":"standard","meta":{"footnotes":""},"categories":[14,23],"tags":[],"post_folder":[40],"class_list":["post-552","post","type-post","status-publish","format-standard","has-post-thumbnail","hentry","category-30-calvisson","category-administration-communale"],"_links":{"self":[{"href":"https:\/\/mvic.fr\/index.php?rest_route=\/wp\/v2\/posts\/552"}],"collection":[{"href":"https:\/\/mvic.fr\/index.php?rest_route=\/wp\/v2\/posts"}],"about":[{"href":"https:\/\/mvic.fr\/index.php?rest_route=\/wp\/v2\/types\/post"}],"author":[{"embeddable":true,"href":"https:\/\/mvic.fr\/index.php?rest_route=\/wp\/v2\/users\/1"}],"replies":[{"embeddable":true,"href":"https:\/\/mvic.fr\/index.php?rest_route=%2Fwp%2Fv2%2Fcomments&post=552"}],"version-history":[{"count":19,"href":"https:\/\/mvic.fr\/index.php?rest_route=\/wp\/v2\/posts\/552\/revisions"}],"predecessor-version":[{"id":1370,"href":"https:\/\/mvic.fr\/index.php?rest_route=\/wp\/v2\/posts\/552\/revisions\/1370"}],"wp:featuredmedia":[{"embeddable":true,"href":"https:\/\/mvic.fr\/index.php?rest_route=\/wp\/v2\/media\/569"}],"wp:attachment":[{"href":"https:\/\/mvic.fr\/index.php?rest_route=%2Fwp%2Fv2%2Fmedia&parent=552"}],"wp:term":[{"taxonomy":"category","embeddable":true,"href":"https:\/\/mvic.fr\/index.php?rest_route=%2Fwp%2Fv2%2Fcategories&post=552"},{"taxonomy":"post_tag","embeddable":true,"href":"https:\/\/mvic.fr\/index.php?rest_route=%2Fwp%2Fv2%2Ftags&post=552"},{"taxonomy":"post_folder","embeddable":true,"href":"https:\/\/mvic.fr\/index.php?rest_route=%2Fwp%2Fv2%2Fpost_folder&post=552"}],"curies":[{"name":"wp","href":"https:\/\/api.w.org\/{rel}","templated":true}]}}