{"id":65,"date":"2020-09-08T20:00:22","date_gmt":"2020-09-08T18:00:22","guid":{"rendered":"https:\/\/mvic.fr\/?p=65"},"modified":"2024-08-02T15:57:56","modified_gmt":"2024-08-02T13:57:56","slug":"1616-construction-du-temple-de-junas","status":"publish","type":"post","link":"https:\/\/mvic.fr\/?p=65","title":{"rendered":"1616 Construction du temple de Junas"},"content":{"rendered":"\n<p class=\"source\"><span class=\"has-inline-color\">Me Jean VALENTIN, notaire d&rsquo;Aubais [AD du Gard 2E13-95 \/ folio 59<\/span>]<\/p>\n\n\n\n<p><br>28 octobre 1616<br><span class=\"titre1\">Prix-fait de la construction du temple de Junas<\/span><br><br><\/p>\n\n\n\n<p>El\u00e9vation des 4 murs de 2 cannes de hauteur (env. 4 m) sur un b\u00e2timent existant. Le mur avant sera d\u00e9moli et remont\u00e9 depuis ses fondations.<br>R\u00e9alisation d&rsquo;un arc au milieu tirant du mur Nord au mur Sud, 3 fen\u00eatres sur le mur Est, 3 sur le mur Ouest et toiture, le tout pour la somme de 70 livres tournois.<\/p>\n\n\n\n<p><em>Sobre, une base rectangle, un grand arc en plein cintre qui relie les deux murs gouttereaux, l&rsquo;architecture du temple de Junas est conforme aux normes en vogue \u00e0 l&rsquo;\u00e9poque de la r\u00e9forme. Ce mod\u00e8le fut \u00e9prouv\u00e9 \u00e0 grande \u00e9chelle notamment au grand temple de La Calade \u00e0 N\u00eemes qui d\u00e8s 1566 semblait pouvoir accueillir jusqu&rsquo;\u00e0 5000 personnes. <\/em><\/p>\n\n\n<div class=\"wp-block-image is-style-zoooom\">\n<figure class=\"aligncenter size-large\"><img loading=\"lazy\" decoding=\"async\" width=\"586\" height=\"253\" src=\"https:\/\/mvic.fr\/wp-content\/uploads\/2020\/09\/Temple-Anduze-et-Collet-de-Deze.jpg\" alt=\"\" class=\"wp-image-175\" srcset=\"https:\/\/mvic.fr\/wp-content\/uploads\/2020\/09\/Temple-Anduze-et-Collet-de-Deze.jpg 586w, https:\/\/mvic.fr\/wp-content\/uploads\/2020\/09\/Temple-Anduze-et-Collet-de-Deze-300x130.jpg 300w, https:\/\/mvic.fr\/wp-content\/uploads\/2020\/09\/Temple-Anduze-et-Collet-de-Deze-150x65.jpg 150w\" sizes=\"(max-width: 586px) 100vw, 586px\" \/><\/figure><\/div>\n\n\n<p><em>Le temple d&rsquo;Anduze avait \u00e9t\u00e9 r\u00e9alis\u00e9 suivant ce m\u00eame plan. On peut encore admirer celui du Collet-de-D\u00e8ze (48) qui est l&rsquo;un des seuls \u00e0 avoir surv\u00e9cu \u00e0 la R\u00e9vocation de l&rsquo;Edit de Nantes de 1685. Celui de Junas sera d\u00e9truit cette ann\u00e9e l\u00e0 malgr\u00e9 une proc\u00e9dure engag\u00e9e en 1664 pour sa d\u00e9molition et l&rsquo;interdiction de l&rsquo;exercice de la religion protestante (Arch. Nat. TT246\/18)<\/em>.<\/p>\n\n\n\n<div style=\"height:40px\" aria-hidden=\"true\" class=\"wp-block-spacer\"><\/div>\n\n\n\n<h4 class=\"wp-block-heading gris\"><strong>Transcription<\/strong><br><br><\/h4>\n\n\n\n<figure class=\"wp-block-image size-large\"><a href=\"https:\/\/mvic.fr\/wp-content\/uploads\/2020\/09\/image.png\" class=\"gallery_colorbox\"><img loading=\"lazy\" decoding=\"async\" width=\"996\" height=\"495\" src=\"https:\/\/mvic.fr\/wp-content\/uploads\/2020\/09\/image.png\"  alt=\"\" class=\"wp-image-81\" srcset=\"https:\/\/mvic.fr\/wp-content\/uploads\/2020\/09\/image.png 996w, https:\/\/mvic.fr\/wp-content\/uploads\/2020\/09\/image-300x149.png 300w, https:\/\/mvic.fr\/wp-content\/uploads\/2020\/09\/image-768x382.png 768w, https:\/\/mvic.fr\/wp-content\/uploads\/2020\/09\/image-150x75.png 150w\" sizes=\"(max-width: 996px) 100vw, 996px\" \/><\/a><\/figure>\n\n\n\n<p class=\"has-text-align-right has-text-align-right  margin-top-6\"><a href=\"http:\/\/brozer.fr\/telearchives\/#pk:\/49486\/MiBFIDEzIDk1XzI4MC5KUEc0\" target=\"_blank\" rel=\"noreferrer noopener\">Consulter sur T\u00e9l\u00e9archives &nbsp;<img loading=\"lazy\" decoding=\"async\" width=\"100\" height=\"21\" class=\"wp-image-95\" style=\"width: 100px; margin-bottom: 5px;\" src=\"https:\/\/mvic.fr\/wp-content\/uploads\/2020\/09\/brozer_logo_100.png\" alt=\"\"><\/a><\/p>\n\n\n\n<p>Prisfaict<\/p>\n\n\n\n<p>L\u2019an mil siz cens seize et le vingthuictiesme jour du mois de mars advant midy pardevant moy notaire royal soubzsign\u00e9 et tesmoings sy apr\u00e8s nomm\u00e9s, estans presans Me Doumergue LEGIER et Pierre LAFON consulz du lieu de Junas, lesquelz comme telz tant en leurs noms propres que de toute la communault\u00e9 dudit lieu et suivant les desliberations de conseil par eulx tenu audit lieu ont bailh\u00e9 et bailhent le bastiment et construction du temple dudit Junas \u00e0 ma\u00eetres Laurens COUTAREL et George DESFOUCS ma\u00eetres massons habitans du lieu d\u2019Aubaix, pr\u00e9santz et aceptans soubz les pactes que s\u2019ensuivent. Premi\u00e8rement seront tenus lesdits COUTAREL et DESFOUCS de hausser \u00e0 tout l\u2019entour dudit temple deux canes de haulteur. Item seront aussy tenus lesdits COUTAREL et DESFOUCS de f\u00e8re ung arc au milhieu du temple pour servir \u00e0 donner eau au couvert dudit temple qui ce fera du vent droict au marin, seront aussy tenus de f\u00e8re six fenestres pour prandre clart\u00e9, scavoir du cost\u00e9 du levant trois et du couchant autres trois, comme aussy seront tenu de f\u00e8re ung armoire dans ledit temple au lieu que sera adviz\u00e9 par les consulz et habitans dudit lieu et ledit bastiment faict, seront tenus de f\u00e8re la couverture dudit temple \u00e0 mesme instant que ledit bastiment sera parachev\u00e9 avec pacte que lesdits consulz et habitans dudit Junas seront tenus de fournir tous les materiaulx dudit bastiment tant pierre, chaulx que le bois et thuilles et autres chozes n\u00e9cessaires except\u00e9 l&rsquo;eau que lesdits COUTAREL et DESFOUCS seront tenus de charier, pacte aussy accord\u00e9 entre lesdites partyes que lesdits COUTAREL et DESFOUCS seront tenus de thumber et abatre enti\u00e8rement la murailhe de devant dudit temple pour prandre le fondement d\u2019icelle tout de neuf, lequel bastiment lesdits COUTAREL et DESFOUCS seront tenus de fere pour tout le mois d\u2019apvril prochain pour et moiennant le prix et somme de septante livres tournois que lesdits consulz seront tenus de paier scavoir trente livres tournois tout <span class='tooltipsall tooltipsincontent classtoolTips1'>incontinant<\/span> qu\u2019ilz auroient commanc\u00e9 de f\u00e8re ledit bastiment et les quarante livres restans <span class='tooltipsall tooltipsincontent classtoolTips1'>incontinant<\/span> que ledit bastiment sera parachev\u00e9, de f\u00e8re et promettent lesdits COUTAREL et DESFOUCS de bien et deuement f\u00e8re leur debvoir et de f\u00e8re ledit murailhe bastiment bon et de recepte et lesdits consulz de f\u00e8re les susdits paiements aux temps et terme susdits et pour ce contract tenir, lesdites parties checune comme les touche et concerne intervennant muthuelle et r\u00e9ciproque estipullation ont oblig\u00e9, soubzmis et ypothequ\u00e9 tous et chescuns leurs biens pr\u00e9sents et advenir scavoir lesdits consulz les biens de la coumunault\u00e9 et lesdits COUTAREL et DESFOUCS les siens aux cours de Monsieur le s\u00e9n\u00e9chal si\u00e8ge presidial conventions royaulx de Nismes presidial et gouvernement de Montpellier ordinaire desdites partyes et \u00e0 une chescunes d\u2019icelle, ainsin l&rsquo;ont promis et jur\u00e9 avec deue renontiation, faict et recitt\u00e9 audit Aubaix et maison de moy notaire, pr\u00e9sents sieur Pierre PASCAL marchant dudit Aubaix, sieur Danyel DELLAR et Jean CABANE dudit Junas et autre moy Jean VALENTIN notaire royal dudit Aubaix, requis et recepvant soubzsign\u00e9 avec ceulx quy ont sceu signer.<\/p>\n\n\n\n<p>DELARC pr\u00e9sent \/ J. CABANES \/ P. PASCAL<br>Jean VALENTIN, notaire<br><br><\/p>\n\n\n\n<p><strong>Quittance en marge du contrat<\/strong><\/p>\n\n\n\n<p><em>Par \u00e9conomie, les notaires utilisaient parfois la marge pour inscrire l&rsquo;acte de quittance. Dans cet espace exigu, l&rsquo;\u00e9criture d\u00e9j\u00e0 ardue de ce notaire est \u00e0 peine d\u00e9chiffrable et empi\u00e8te sur l&rsquo;acte lui-m\u00eame.<\/em><\/p>\n\n\n<div class=\"wp-block-image is-style-default\">\n<figure class=\"aligncenter size-large\"><img loading=\"lazy\" decoding=\"async\" width=\"498\" height=\"296\" src=\"https:\/\/mvic.fr\/wp-content\/uploads\/2020\/09\/image-1.png\" alt=\"\" class=\"wp-image-180\" srcset=\"https:\/\/mvic.fr\/wp-content\/uploads\/2020\/09\/image-1.png 498w, https:\/\/mvic.fr\/wp-content\/uploads\/2020\/09\/image-1-300x178.png 300w, https:\/\/mvic.fr\/wp-content\/uploads\/2020\/09\/image-1-150x89.png 150w\" sizes=\"(max-width: 498px) 100vw, 498px\" \/><\/figure><\/div>\n\n\n<div style=\"height:12px\" aria-hidden=\"true\" class=\"wp-block-spacer\"><\/div>\n\n\n\n<p>L\u2019an mil six cens seize et le neufviesme jour du mois de octobre appr\u00e8s midy pardevant moy notaire royal soubzsign\u00e9 et tesmoingz sy appr\u00e8s nomm\u00e9s, estant pr\u00e9sant ma\u00eetre Laurens COUTAREL masson habitant d\u2019Aubaix lequel de son gr\u00e9 tant en son nom propre que de George DESFOUCS nomm\u00e9 au contract de prisfaict au marge duquel c&rsquo;est \u00e0 ce est escript auquel promet f\u00e8re rattiffier le pr\u00e9sant acte \u00e0 peyne de tous despans, doumaiges et intherestz a confess\u00e9 avoir heu et r\u00e9allement receu de Doumergue LEGIER et Pierre LAFON consulz du lieu de Junas aussy nomm\u00e9s audit contract et par les mains de ma\u00eetre Danyel DELLARC dudit Junas icy pr\u00e9sant et aceptant la somme de quattre livres tournois et c&rsquo;est pour fin et entier paiement de la somme de septante livres contenu audit contract \u00e0 prisfaict de laquelle somme de quattre livres pour parfaict paiement du contenu au susdit contract a quict\u00e9 et quite ledit ma\u00eetre DELLARC ensemble les consulz et comunault\u00e9 dudit Junas avec promesse de ne luy en f\u00e8re jamais demande et de le leur estre et demeurer quicte envers ledit George DESFOUCS et autres qu&rsquo;il appartiendra, promect et jure tenir ceste quictance soubz les obligations, jurementz et renonciations \u00e0 ce requis et n\u00e9cessaires, ainsy l&rsquo;a promis et jur\u00e9, r\u00e9cit\u00e9 audit Aubaix, maison de moy notaire, pr\u00e9sans Jean GILLY et Isac ARNAUD dudit Junas et de moy Jean VALENTIN notaire royal dudit Aubaix requis et recepvant, soubzsign\u00e9 avec ceulx quy ont sceu signer<\/p>\n\n\n\n<p>DELARC \/ J. GILLY \/ ARNAUD<br>Jean VALENTIN, notaire<\/p>\n\n\n\n<div style=\"height:60px\" aria-hidden=\"true\" class=\"wp-block-spacer\"><\/div>\n<script type=\"text\/javascript\"> toolTips('.classtoolTips1','incontinent = aussit\u00f4t, d\u00e8s'); <\/script><script type=\"text\/javascript\"> toolTips('.classtoolTips13','ains = mais, mais plut\u00f4t'); <\/script><script type=\"text\/javascript\"> toolTips('.classtoolTips13','ains = mais, mais plut\u00f4t'); <\/script>","protected":false},"excerpt":{"rendered":"<p>El\u00e9vation des 4 murs de 2 cannes de hauteur (env. 4 m) sur un b\u00e2timent existant. Le mur du devant sera d\u00e9moli et remont\u00e9 depuis ses fondations.<br \/>\nR\u00e9alisation d&rsquo;un arc au milieu tirant du mur Nord au mur Sud, 3 fen\u00eatres sur le mur Est, 3 sur le mur Ouest et toiture, le tout pour la somme de 70 livre..<\/p>\n<div class=\"clear-fix\"><\/div>\n<p><a href=\"https:\/\/mvic.fr\/?p=65\" title=\"Lire la suite...\">Lire la suite<\/a><\/p>\n","protected":false},"author":1,"featured_media":0,"comment_status":"open","ping_status":"open","sticky":false,"template":"","format":"standard","meta":{"footnotes":""},"categories":[11,12],"tags":[],"post_folder":[46],"class_list":["post-65","post","type-post","status-publish","format-standard","hentry","category-30-junas","category-temples-xvie-xviie"],"_links":{"self":[{"href":"https:\/\/mvic.fr\/index.php?rest_route=\/wp\/v2\/posts\/65"}],"collection":[{"href":"https:\/\/mvic.fr\/index.php?rest_route=\/wp\/v2\/posts"}],"about":[{"href":"https:\/\/mvic.fr\/index.php?rest_route=\/wp\/v2\/types\/post"}],"author":[{"embeddable":true,"href":"https:\/\/mvic.fr\/index.php?rest_route=\/wp\/v2\/users\/1"}],"replies":[{"embeddable":true,"href":"https:\/\/mvic.fr\/index.php?rest_route=%2Fwp%2Fv2%2Fcomments&post=65"}],"version-history":[{"count":19,"href":"https:\/\/mvic.fr\/index.php?rest_route=\/wp\/v2\/posts\/65\/revisions"}],"predecessor-version":[{"id":1363,"href":"https:\/\/mvic.fr\/index.php?rest_route=\/wp\/v2\/posts\/65\/revisions\/1363"}],"wp:attachment":[{"href":"https:\/\/mvic.fr\/index.php?rest_route=%2Fwp%2Fv2%2Fmedia&parent=65"}],"wp:term":[{"taxonomy":"category","embeddable":true,"href":"https:\/\/mvic.fr\/index.php?rest_route=%2Fwp%2Fv2%2Fcategories&post=65"},{"taxonomy":"post_tag","embeddable":true,"href":"https:\/\/mvic.fr\/index.php?rest_route=%2Fwp%2Fv2%2Ftags&post=65"},{"taxonomy":"post_folder","embeddable":true,"href":"https:\/\/mvic.fr\/index.php?rest_route=%2Fwp%2Fv2%2Fpost_folder&post=65"}],"curies":[{"name":"wp","href":"https:\/\/api.w.org\/{rel}","templated":true}]}}